{"id":103188,"date":"2023-08-28T14:16:56","date_gmt":"2023-08-28T14:16:56","guid":{"rendered":"https:\/\/primicias2262.com\/noticias\/?p=103188"},"modified":"2023-08-28T15:25:56","modified_gmt":"2023-08-28T15:25:56","slug":"patricia-bullrich-refuerza-su-campana-en-la-provincia-de-buenos-aires","status":"publish","type":"post","link":"https:\/\/primicias2262.com\/noticias\/patricia-bullrich-refuerza-su-campana-en-la-provincia-de-buenos-aires\/","title":{"rendered":"Patricia Bullrich refuerza su campa\u00f1a en la provincia de Buenos Aires"},"content":{"rendered":"<div class=\"col-xs-12 col-sm-9 col-md-6 col-lg-8\">\n<div class=\"row\">\n<div class=\"col-12 col-sm-9\">\n<div class=\"nota_content mt-30\">\n<p>La campa\u00f1a de la candidata presidencial de Juntos por el Cambio (JxC), Patricia Bullrich, encabezar\u00e1 este lunes dos encuentros pol\u00edticos en la provincia de Buenos Aires, con el objetivo de reforzar la estrategia electoral opositora en el distrito, rumbo a las elecciones generales de octubre pr\u00f3ximo.<\/p>\n<p>El primero ser\u00e1 un almuerzo privado que compartir\u00e1n el candidato a gobernador del espacio, N\u00e9stor Grindetti, con quien fuera su adversario en las PASO, Diego Santilli, y quien perdi\u00f3 por un margen \u00ednfimo esa disputa.<\/p>\n<p>El gesto de Santilli de mostrarse a disposici\u00f3n de la campa\u00f1a de Bullrich se suma a un llamado telef\u00f3nico que ambos mantuvieron la semana pasada, donde quien representara a Horacio Rodr\u00edguez Larreta como candidato a la gobernaci\u00f3n en las PASO comprometi\u00f3 su respaldo al triunfador.<\/p>\n<p>La segunda foto que se ver\u00e1\u00a0este lunes ser\u00e1 la de Grindetti junto a intendentes bonaerenses del PRO, a las 17, en la localidad de Lan\u00fas.<\/p>\n<p>All\u00ed, el candidato a gobernador y los jefes comunales se ver\u00e1n las caras y analizar\u00e1n las estrategias para apuntar a dos tipos de votantes: los que lo hicieron en las PASO a favor de La Libertad Avanza (LLA), el partido de Javier Milei, y el amplio universo que no concurri\u00f3 a las urnas.<\/p>\n<p>Esta estrategia territorial en la provincia por parte de JxC tendr\u00e1 tambi\u00e9n otro encuentro el jueves, cuando se re\u00fanan todos los intendentes de esa coalici\u00f3n.<\/p>\n<p>En las PASO, el candidato m\u00e1s votado en el distrito fue el gobernador por Axel Kicillof, de Uni\u00f3n por la Patria (UxP), mientras el frente electoral que compart\u00edan Grindetti y Santilli qued\u00f3 en segundo lugar, y en tercera ubicaci\u00f3n se posicion\u00f3 la postulante de LLA, Carolina P\u00edparo.<\/p>\n<\/div>\n<\/div>\n<\/div>\n<\/div>\n<div class=\"col-xs-12 col-sm-6 col-md-4 col-lg-4\"><\/div>\n","protected":false},"excerpt":{"rendered":"<p>La campa\u00f1a de la candidata presidencial de Juntos por el Cambio (JxC), Patricia Bullrich, encabezar\u00e1 este lunes dos encuentros pol\u00edticos en la provincia de Buenos Aires, con el objetivo de reforzar la estrategia electoral opositora en el distrito, rumbo a las elecciones generales de octubre pr\u00f3ximo. El primero ser\u00e1 un almuerzo privado que compartir\u00e1n el [&hellip;]<\/p>\n","protected":false},"author":3,"featured_media":103057,"comment_status":"open","ping_status":"open","sticky":false,"template":"","format":"standard","meta":{"footnotes":""},"categories":[7],"tags":[],"class_list":{"0":"post-103188","1":"post","2":"type-post","3":"status-publish","4":"format-standard","5":"has-post-thumbnail","7":"category-nac"},"_links":{"self":[{"href":"https:\/\/primicias2262.com\/noticias\/wp-json\/wp\/v2\/posts\/103188","targetHints":{"allow":["GET"]}}],"collection":[{"href":"https:\/\/primicias2262.com\/noticias\/wp-json\/wp\/v2\/posts"}],"about":[{"href":"https:\/\/primicias2262.com\/noticias\/wp-json\/wp\/v2\/types\/post"}],"author":[{"embeddable":true,"href":"https:\/\/primicias2262.com\/noticias\/wp-json\/wp\/v2\/users\/3"}],"replies":[{"embeddable":true,"href":"https:\/\/primicias2262.com\/noticias\/wp-json\/wp\/v2\/comments?post=103188"}],"version-history":[{"count":1,"href":"https:\/\/primicias2262.com\/noticias\/wp-json\/wp\/v2\/posts\/103188\/revisions"}],"predecessor-version":[{"id":103189,"href":"https:\/\/primicias2262.com\/noticias\/wp-json\/wp\/v2\/posts\/103188\/revisions\/103189"}],"wp:featuredmedia":[{"embeddable":true,"href":"https:\/\/primicias2262.com\/noticias\/wp-json\/wp\/v2\/media\/103057"}],"wp:attachment":[{"href":"https:\/\/primicias2262.com\/noticias\/wp-json\/wp\/v2\/media?parent=103188"}],"wp:term":[{"taxonomy":"category","embeddable":true,"href":"https:\/\/primicias2262.com\/noticias\/wp-json\/wp\/v2\/categories?post=103188"},{"taxonomy":"post_tag","embeddable":true,"href":"https:\/\/primicias2262.com\/noticias\/wp-json\/wp\/v2\/tags?post=103188"}],"curies":[{"name":"wp","href":"https:\/\/api.w.org\/{rel}","templated":true}]}}