{"id":103190,"date":"2023-08-28T15:28:09","date_gmt":"2023-08-28T15:28:09","guid":{"rendered":"https:\/\/primicias2262.com\/noticias\/?p=103190"},"modified":"2023-08-28T15:28:09","modified_gmt":"2023-08-28T15:28:09","slug":"pago-del-bono-de-37-mil-de-anses-en-septiembre-fechas-confirmadas-de-cobro","status":"publish","type":"post","link":"https:\/\/primicias2262.com\/noticias\/pago-del-bono-de-37-mil-de-anses-en-septiembre-fechas-confirmadas-de-cobro\/","title":{"rendered":"Pago del bono de $37 mil de ANSES en septiembre: fechas confirmadas de cobro"},"content":{"rendered":"<div class=\"itemFullText\">\n<p>El ministro de Econom\u00eda de la Naci\u00f3n, Sergio Massa, y la titular de la Administraci\u00f3n Nacional de la Seguridad Social\u00a0(<strong>ANSES<\/strong>), Fernanda Raverta, anunciaron el pago de un <strong>nuevo bono de $37.000<\/strong> para septiembre de 2023, con el objetivo de reforzar los ingresos de algunos grupos espec\u00edficos.<\/p>\n<p>Los jubilados y pensionados <strong>no deber\u00e1n hacer ning\u00fan tr\u00e1mite<\/strong> para cobre el refuerzo extra durante el mes de septiembre.<\/p>\n<h2>Bono de $37 mil de ANSES: cu\u00e1ndo lo cobro<\/h2>\n<p>El bono de $37.000<strong>\u00a0se acredita, sin inscripci\u00f3n previa, junto a los haberes mensuales a todos los jubilados y pensionados que perciban hasta $87.459.<\/strong><\/p>\n<p>El calendario de pagos de la ANSES de septiembre para los jubilados con haberes m\u00ednimos es el siguiente:<\/p>\n<ul>\n<li>DNI terminados en 0: viernes 8 de septiembre.<\/li>\n<li>DNI terminados en 1: lunes 11 de septiembre.<\/li>\n<li>DNI terminados en 2: martes 12 de septiembre.<\/li>\n<li>DNI terminados en 3: mi\u00e9rcoles 13 de septiembre.<\/li>\n<li>DNI terminados en 4: jueves 14 de septiembre.<\/li>\n<li>DNI terminados en 5: viernes 15 de septiembre.<\/li>\n<li>DNI terminados en 6: lunes 18 de septiembre.<\/li>\n<li>DNI terminados en 7: martes 19 de septiembre.<\/li>\n<li>DNI terminados en 8: mi\u00e9rcoles 20 de septiembre.<\/li>\n<li>DNI terminados en 9: jueves 21 de septiembre.<\/li>\n<\/ul>\n<\/div>\n","protected":false},"excerpt":{"rendered":"<p>El ministro de Econom\u00eda de la Naci\u00f3n, Sergio Massa, y la titular de la Administraci\u00f3n Nacional de la Seguridad Social\u00a0(ANSES), Fernanda Raverta, anunciaron el pago de un nuevo bono de $37.000 para septiembre de 2023, con el objetivo de reforzar los ingresos de algunos grupos espec\u00edficos. Los jubilados y pensionados no deber\u00e1n hacer ning\u00fan tr\u00e1mite [&hellip;]<\/p>\n","protected":false},"author":3,"featured_media":102094,"comment_status":"open","ping_status":"open","sticky":false,"template":"","format":"standard","meta":{"footnotes":""},"categories":[7],"tags":[],"class_list":{"0":"post-103190","1":"post","2":"type-post","3":"status-publish","4":"format-standard","5":"has-post-thumbnail","7":"category-nac"},"_links":{"self":[{"href":"https:\/\/primicias2262.com\/noticias\/wp-json\/wp\/v2\/posts\/103190","targetHints":{"allow":["GET"]}}],"collection":[{"href":"https:\/\/primicias2262.com\/noticias\/wp-json\/wp\/v2\/posts"}],"about":[{"href":"https:\/\/primicias2262.com\/noticias\/wp-json\/wp\/v2\/types\/post"}],"author":[{"embeddable":true,"href":"https:\/\/primicias2262.com\/noticias\/wp-json\/wp\/v2\/users\/3"}],"replies":[{"embeddable":true,"href":"https:\/\/primicias2262.com\/noticias\/wp-json\/wp\/v2\/comments?post=103190"}],"version-history":[{"count":1,"href":"https:\/\/primicias2262.com\/noticias\/wp-json\/wp\/v2\/posts\/103190\/revisions"}],"predecessor-version":[{"id":103191,"href":"https:\/\/primicias2262.com\/noticias\/wp-json\/wp\/v2\/posts\/103190\/revisions\/103191"}],"wp:featuredmedia":[{"embeddable":true,"href":"https:\/\/primicias2262.com\/noticias\/wp-json\/wp\/v2\/media\/102094"}],"wp:attachment":[{"href":"https:\/\/primicias2262.com\/noticias\/wp-json\/wp\/v2\/media?parent=103190"}],"wp:term":[{"taxonomy":"category","embeddable":true,"href":"https:\/\/primicias2262.com\/noticias\/wp-json\/wp\/v2\/categories?post=103190"},{"taxonomy":"post_tag","embeddable":true,"href":"https:\/\/primicias2262.com\/noticias\/wp-json\/wp\/v2\/tags?post=103190"}],"curies":[{"name":"wp","href":"https:\/\/api.w.org\/{rel}","templated":true}]}}