{"id":103192,"date":"2023-08-28T16:55:27","date_gmt":"2023-08-28T16:55:27","guid":{"rendered":"https:\/\/primicias2262.com\/noticias\/?p=103192"},"modified":"2023-08-29T15:40:21","modified_gmt":"2023-08-29T15:40:21","slug":"fallecieron-mas-de-100-lobos-y-van-a-ser-muchos-mas-porque-es-un-contagio-rapido-y-con-efecto-domino","status":"publish","type":"post","link":"https:\/\/primicias2262.com\/noticias\/fallecieron-mas-de-100-lobos-y-van-a-ser-muchos-mas-porque-es-un-contagio-rapido-y-con-efecto-domino\/","title":{"rendered":"\u201cFallecieron m\u00e1s de 100 lobos y van a ser muchos m\u00e1s porque es un contagio r\u00e1pido y con efecto domin\u00f3\u201d"},"content":{"rendered":"<p><strong>As\u00ed lo asegur\u00f3 el proteccionista Carlos Leo, al aire de \u201cVoces de la Ciudad\u201d, quien fue uno de los primeros habitantes de nuestra localidad que alert\u00f3 sobre la situaci\u00f3n de los lobos meses atr\u00e1s.<\/strong><\/p>\n<p>En nota con el periodista Jorge G\u00f3mez, Leo asegur\u00f3 que \u201cesto viene desde hace rato, animales con convulsiones y sangrado nasal desde junio, pero lo que uno dice a veces no es tomado con seriedad, aunque es verdad que es algo imprevisto lo que ocurre\u201d.<\/p>\n<p>De todas maneras, se\u00f1al\u00f3 que \u201ca las pruebas me remito\u201d, y recapitul\u00f3 que \u201cen Per\u00fa hace seis meses, unos 5 mil lobos marinos fallecieron a trav\u00e9s de esta cepa de gripe aviar y era factible que pasara en la costa argentina, Necochea y Mar del Plata son las colonias de lobos m\u00e1s grande de la costa\u201d. No obstante, \u201clos contagios que se suscitaron hace unos meses se produjeron en Ushuaia y Chile, y esta enfermedad de los lobos a nivel local posiblemente responda a la cepa chilena y no la peruana. La chilena, si bien es peligrosa, no es tan brava como la cepa peruana\u201d, marc\u00f3 como salvedad.<\/p>\n<p><a href=\"https:\/\/primicias2262.com\/noticias\/wp-content\/uploads\/2023\/08\/lobos-escollera.jpeg\"><img loading=\"lazy\" decoding=\"async\" class=\"aligncenter size-full wp-image-103024\" src=\"https:\/\/primicias2262.com\/noticias\/wp-content\/uploads\/2023\/08\/lobos-escollera.jpeg\" alt=\"\" width=\"1280\" height=\"719\" srcset=\"https:\/\/primicias2262.com\/noticias\/wp-content\/uploads\/2023\/08\/lobos-escollera.jpeg 1280w, https:\/\/primicias2262.com\/noticias\/wp-content\/uploads\/2023\/08\/lobos-escollera-300x169.jpeg 300w, https:\/\/primicias2262.com\/noticias\/wp-content\/uploads\/2023\/08\/lobos-escollera-1024x575.jpeg 1024w, https:\/\/primicias2262.com\/noticias\/wp-content\/uploads\/2023\/08\/lobos-escollera-768x431.jpeg 768w, https:\/\/primicias2262.com\/noticias\/wp-content\/uploads\/2023\/08\/lobos-escollera-150x84.jpeg 150w, https:\/\/primicias2262.com\/noticias\/wp-content\/uploads\/2023\/08\/lobos-escollera-696x391.jpeg 696w, https:\/\/primicias2262.com\/noticias\/wp-content\/uploads\/2023\/08\/lobos-escollera-1068x600.jpeg 1068w\" sizes=\"auto, (max-width: 1280px) 100vw, 1280px\" \/><\/a>Hecha la aclaraci\u00f3n, Leo report\u00f3 que \u201chasta aqu\u00ed fallecieron m\u00e1s de 100 lobos y esto va a seguir porque es un contagio muy r\u00e1pido con efecto domin\u00f3, y van a morir much\u00edsimos lobos m\u00e1s\u201d, y dej\u00f3 entrever que la escollera puede llegar a estar cerrada tres o cuatro meses<\/p>\n<p>Para concluir, Carlos Leo llev\u00f3 un mensaje de concientizaci\u00f3n: \u201cEl contagio lo producen las aves a trav\u00e9s de sus secreciones nasales y a trav\u00e9s de sus heces, y lamentablemente siempre est\u00e1n los inescrupulosos que est\u00e1n en contra de las leyes y entran a la zona de los lobos corriendo o en bici, y si pis\u00e1s la mucosidad u el or\u00edn de los lobos lo pod\u00e9s llevar en las zapatillas a tu casa, o tu perro lo olfatea, se contagia y se muere\u2026 y como esto muta constantemente, y hoy no se transmite al ser humano, pero vos no sab\u00e9s que puede pasar ma\u00f1ana o pasado\u201d, concluy\u00f3.<\/p>\n<p><a href=\"https:\/\/primicias2262.com\/noticias\/wp-content\/uploads\/2023\/08\/carlos-leo-voces.jpeg\"><img loading=\"lazy\" decoding=\"async\" class=\"aligncenter size-full wp-image-103197\" src=\"https:\/\/primicias2262.com\/noticias\/wp-content\/uploads\/2023\/08\/carlos-leo-voces.jpeg\" alt=\"\" width=\"1024\" height=\"768\" srcset=\"https:\/\/primicias2262.com\/noticias\/wp-content\/uploads\/2023\/08\/carlos-leo-voces.jpeg 1024w, https:\/\/primicias2262.com\/noticias\/wp-content\/uploads\/2023\/08\/carlos-leo-voces-300x225.jpeg 300w, https:\/\/primicias2262.com\/noticias\/wp-content\/uploads\/2023\/08\/carlos-leo-voces-768x576.jpeg 768w, https:\/\/primicias2262.com\/noticias\/wp-content\/uploads\/2023\/08\/carlos-leo-voces-150x113.jpeg 150w, https:\/\/primicias2262.com\/noticias\/wp-content\/uploads\/2023\/08\/carlos-leo-voces-696x522.jpeg 696w\" sizes=\"auto, (max-width: 1024px) 100vw, 1024px\" \/><\/a><\/p>\n","protected":false},"excerpt":{"rendered":"<p>As\u00ed lo asegur\u00f3 el proteccionista Carlos Leo, al aire de \u201cVoces de la Ciudad\u201d, quien fue uno de los primeros habitantes de nuestra localidad que alert\u00f3 sobre la situaci\u00f3n de los lobos meses atr\u00e1s. En nota con el periodista Jorge G\u00f3mez, Leo asegur\u00f3 que \u201cesto viene desde hace rato, animales con convulsiones y sangrado nasal [&hellip;]<\/p>\n","protected":false},"author":3,"featured_media":102766,"comment_status":"open","ping_status":"open","sticky":false,"template":"","format":"standard","meta":{"footnotes":""},"categories":[3],"tags":[],"class_list":["post-103192","post","type-post","status-publish","format-standard","has-post-thumbnail","category-masnoticias"],"_links":{"self":[{"href":"https:\/\/primicias2262.com\/noticias\/wp-json\/wp\/v2\/posts\/103192","targetHints":{"allow":["GET"]}}],"collection":[{"href":"https:\/\/primicias2262.com\/noticias\/wp-json\/wp\/v2\/posts"}],"about":[{"href":"https:\/\/primicias2262.com\/noticias\/wp-json\/wp\/v2\/types\/post"}],"author":[{"embeddable":true,"href":"https:\/\/primicias2262.com\/noticias\/wp-json\/wp\/v2\/users\/3"}],"replies":[{"embeddable":true,"href":"https:\/\/primicias2262.com\/noticias\/wp-json\/wp\/v2\/comments?post=103192"}],"version-history":[{"count":3,"href":"https:\/\/primicias2262.com\/noticias\/wp-json\/wp\/v2\/posts\/103192\/revisions"}],"predecessor-version":[{"id":103229,"href":"https:\/\/primicias2262.com\/noticias\/wp-json\/wp\/v2\/posts\/103192\/revisions\/103229"}],"wp:featuredmedia":[{"embeddable":true,"href":"https:\/\/primicias2262.com\/noticias\/wp-json\/wp\/v2\/media\/102766"}],"wp:attachment":[{"href":"https:\/\/primicias2262.com\/noticias\/wp-json\/wp\/v2\/media?parent=103192"}],"wp:term":[{"taxonomy":"category","embeddable":true,"href":"https:\/\/primicias2262.com\/noticias\/wp-json\/wp\/v2\/categories?post=103192"},{"taxonomy":"post_tag","embeddable":true,"href":"https:\/\/primicias2262.com\/noticias\/wp-json\/wp\/v2\/tags?post=103192"}],"curies":[{"name":"wp","href":"https:\/\/api.w.org\/{rel}","templated":true}]}}