{"id":103199,"date":"2023-08-28T18:20:12","date_gmt":"2023-08-28T18:20:12","guid":{"rendered":"https:\/\/primicias2262.com\/noticias\/?p=103199"},"modified":"2023-08-29T13:52:47","modified_gmt":"2023-08-29T13:52:47","slug":"el-municipio-y-la-unmdp-acordaron-la-llegada-de-un-centro-de-extension-universitaria","status":"publish","type":"post","link":"https:\/\/primicias2262.com\/noticias\/el-municipio-y-la-unmdp-acordaron-la-llegada-de-un-centro-de-extension-universitaria\/","title":{"rendered":"El municipio y la UNMdP acordaron la llegada de un Centro de Extensi\u00f3n Universitaria"},"content":{"rendered":"<p><strong>La firma del convenio se llev\u00f3 a cabo en el Sal\u00f3n de Actos municipal, donde el intendente Arturo Rojas y el rector de la Universidad de Mar del Plata, Alfredo Lazzeretti, sellaron el acuerdo para el CEU que funcionar\u00e1 en el Centro Cultural local.<\/strong><\/p>\n<p>El intendente municipal, Arturo Rojas, firm\u00f3 este lunes junto al rector de la Universidad Nacional de Mar del Plata, Alfredo Lazzeretti, el convenio para la inauguraci\u00f3n de un Centro de Extensi\u00f3n Universitaria, que funcionar\u00e1 en las instalaciones del Centro Cultural y Biblioteca \u201cAndr\u00e9s Ferreyra\u201d, en calle 54 N\u00ba 3062.<\/p>\n<p><a href=\"https:\/\/primicias2262.com\/noticias\/wp-content\/uploads\/2023\/08\/28-08-FOTO-convenio-Rojas-UNMdP3.jpeg\"><img loading=\"lazy\" decoding=\"async\" class=\"aligncenter size-full wp-image-103202\" src=\"https:\/\/primicias2262.com\/noticias\/wp-content\/uploads\/2023\/08\/28-08-FOTO-convenio-Rojas-UNMdP3.jpeg\" alt=\"\" width=\"1600\" height=\"1066\" srcset=\"https:\/\/primicias2262.com\/noticias\/wp-content\/uploads\/2023\/08\/28-08-FOTO-convenio-Rojas-UNMdP3.jpeg 1600w, https:\/\/primicias2262.com\/noticias\/wp-content\/uploads\/2023\/08\/28-08-FOTO-convenio-Rojas-UNMdP3-300x200.jpeg 300w, https:\/\/primicias2262.com\/noticias\/wp-content\/uploads\/2023\/08\/28-08-FOTO-convenio-Rojas-UNMdP3-1024x682.jpeg 1024w, https:\/\/primicias2262.com\/noticias\/wp-content\/uploads\/2023\/08\/28-08-FOTO-convenio-Rojas-UNMdP3-768x512.jpeg 768w, https:\/\/primicias2262.com\/noticias\/wp-content\/uploads\/2023\/08\/28-08-FOTO-convenio-Rojas-UNMdP3-1536x1023.jpeg 1536w, https:\/\/primicias2262.com\/noticias\/wp-content\/uploads\/2023\/08\/28-08-FOTO-convenio-Rojas-UNMdP3-150x100.jpeg 150w, https:\/\/primicias2262.com\/noticias\/wp-content\/uploads\/2023\/08\/28-08-FOTO-convenio-Rojas-UNMdP3-696x464.jpeg 696w, https:\/\/primicias2262.com\/noticias\/wp-content\/uploads\/2023\/08\/28-08-FOTO-convenio-Rojas-UNMdP3-1068x712.jpeg 1068w\" sizes=\"auto, (max-width: 1600px) 100vw, 1600px\" \/><\/a>La r\u00fabrica se llev\u00f3 a cabo en el Sal\u00f3n de Actos \u201cDomingo J. Taraborelli\u201d del Palacio Municipal, donde el intendente y el contador p\u00fablico estuvieron acompa\u00f1ados al momento de la presentaci\u00f3n por la Lic. Mar\u00eda Laura Tej\u00f3n, quien es secretaria de Extensi\u00f3n de la UNMdP; la secretaria de Desarrollo Humano, Sandra Antenucci, y la directora de Educaci\u00f3n, Mariela Cellerino.<\/p>\n<p>Instantes previos a la firma del convenio, el intendente Rojas se\u00f1al\u00f3 que \u201cno es el primer convenio que firmamos ni ser\u00e1 el \u00faltimo con esta universidad, nos hemos propuesto como Estado municipal ser el nexo entre la demanda ciudadana y lo que puede ofrecer una universidad p\u00fablica como lo es la de Mar del Plata\u201d, subrayando que \u201cla educaci\u00f3n es la base del desarrollo, y un pa\u00eds que quiere crecer y generar oportunidades lo tiene que hacer a trav\u00e9s de la articulaci\u00f3n de las universidades\u201d.<\/p>\n<p><a href=\"https:\/\/primicias2262.com\/noticias\/wp-content\/uploads\/2023\/08\/28-08-FOTO-convenio-Rojas-UNMdP4.jpeg\"><img loading=\"lazy\" decoding=\"async\" class=\"aligncenter size-full wp-image-103203\" src=\"https:\/\/primicias2262.com\/noticias\/wp-content\/uploads\/2023\/08\/28-08-FOTO-convenio-Rojas-UNMdP4.jpeg\" alt=\"\" width=\"1600\" height=\"1066\" srcset=\"https:\/\/primicias2262.com\/noticias\/wp-content\/uploads\/2023\/08\/28-08-FOTO-convenio-Rojas-UNMdP4.jpeg 1600w, https:\/\/primicias2262.com\/noticias\/wp-content\/uploads\/2023\/08\/28-08-FOTO-convenio-Rojas-UNMdP4-300x200.jpeg 300w, https:\/\/primicias2262.com\/noticias\/wp-content\/uploads\/2023\/08\/28-08-FOTO-convenio-Rojas-UNMdP4-1024x682.jpeg 1024w, https:\/\/primicias2262.com\/noticias\/wp-content\/uploads\/2023\/08\/28-08-FOTO-convenio-Rojas-UNMdP4-768x512.jpeg 768w, https:\/\/primicias2262.com\/noticias\/wp-content\/uploads\/2023\/08\/28-08-FOTO-convenio-Rojas-UNMdP4-1536x1023.jpeg 1536w, https:\/\/primicias2262.com\/noticias\/wp-content\/uploads\/2023\/08\/28-08-FOTO-convenio-Rojas-UNMdP4-150x100.jpeg 150w, https:\/\/primicias2262.com\/noticias\/wp-content\/uploads\/2023\/08\/28-08-FOTO-convenio-Rojas-UNMdP4-696x464.jpeg 696w, https:\/\/primicias2262.com\/noticias\/wp-content\/uploads\/2023\/08\/28-08-FOTO-convenio-Rojas-UNMdP4-1068x712.jpeg 1068w\" sizes=\"auto, (max-width: 1600px) 100vw, 1600px\" \/><\/a>\u201cEste centro no solo va a servir para acercar la oferta educativa a muchos j\u00f3venes de nuestro distrito, sino que tambi\u00e9n para trabajar de manera articulada en los barrios con centros comunitarios e instituciones intermedias\u201d, acot\u00f3 Rojas, para hacer p\u00fablico tambi\u00e9n el agradecimiento a las autoridades del Centro Cultural, su presidente Juan Marraro y el director Alberto Franco, \u201cuna instituci\u00f3n modelo que tiene una apertura hacia la comunidad en diferentes tem\u00e1ticas como la educaci\u00f3n, el arte o la participaci\u00f3n ciudadana\u201d, permitiendo que \u201clos j\u00f3venes lleven adelante sus expresiones\u201d.<\/p>\n<p>A su tiempo, el rector de la UNMdP, Alfredo Lazzeretti, asegur\u00f3 que \u201cpara nosotros tiene una gran importancia lo que es la vinculaci\u00f3n con todo el \u00e1mbito municipal y los gobiernos locales, somos convencidos de que la universidad p\u00fablica tiene que tener siempre una mirada regional, y nosotros particularmente la tenemos en el sudeste bonaerense, como as\u00ed una muy fuerte relaci\u00f3n con sus comunidades, un fuerte compromiso social y en permanente di\u00e1logo de saberes, enriqueci\u00e9ndonos mutuamente en estas actividades de extensi\u00f3n\u201d.<\/p>\n<p><a href=\"https:\/\/primicias2262.com\/noticias\/wp-content\/uploads\/2023\/08\/28-08-FOTO-convenio-Rojas-UNMdP.jpeg\"><img loading=\"lazy\" decoding=\"async\" class=\"aligncenter size-full wp-image-103200\" src=\"https:\/\/primicias2262.com\/noticias\/wp-content\/uploads\/2023\/08\/28-08-FOTO-convenio-Rojas-UNMdP.jpeg\" alt=\"\" width=\"1600\" height=\"1066\" srcset=\"https:\/\/primicias2262.com\/noticias\/wp-content\/uploads\/2023\/08\/28-08-FOTO-convenio-Rojas-UNMdP.jpeg 1600w, https:\/\/primicias2262.com\/noticias\/wp-content\/uploads\/2023\/08\/28-08-FOTO-convenio-Rojas-UNMdP-300x200.jpeg 300w, https:\/\/primicias2262.com\/noticias\/wp-content\/uploads\/2023\/08\/28-08-FOTO-convenio-Rojas-UNMdP-1024x682.jpeg 1024w, https:\/\/primicias2262.com\/noticias\/wp-content\/uploads\/2023\/08\/28-08-FOTO-convenio-Rojas-UNMdP-768x512.jpeg 768w, https:\/\/primicias2262.com\/noticias\/wp-content\/uploads\/2023\/08\/28-08-FOTO-convenio-Rojas-UNMdP-1536x1023.jpeg 1536w, https:\/\/primicias2262.com\/noticias\/wp-content\/uploads\/2023\/08\/28-08-FOTO-convenio-Rojas-UNMdP-150x100.jpeg 150w, https:\/\/primicias2262.com\/noticias\/wp-content\/uploads\/2023\/08\/28-08-FOTO-convenio-Rojas-UNMdP-696x464.jpeg 696w, https:\/\/primicias2262.com\/noticias\/wp-content\/uploads\/2023\/08\/28-08-FOTO-convenio-Rojas-UNMdP-1068x712.jpeg 1068w\" sizes=\"auto, (max-width: 1600px) 100vw, 1600px\" \/><\/a>\u201cCuando abrimos un centro de estos Extensi\u00f3n en un municipio vecino, el centro de Extensi\u00f3n hace m\u00e1s cosas que la propia extensi\u00f3n, y a su vez es como una extensi\u00f3n de la Universidad, porque a trav\u00e9s de \u00e9l se puede difundir la oferta acad\u00e9mica y poner a disposici\u00f3n todas las investigaciones que realiza la Universidad, as\u00ed que para nosotros esta oportunidad se trata de reforzar el v\u00ednculo\u201d, sintetiz\u00f3 el contador.<\/p>\n<p>Luego de las palabras alusivas, se hizo la firma del convenio entre la Universidad Nacional de Mar del Plata con la Municipalidad de Necochea, a fin de inaugurar un nuevo Centro de Extensi\u00f3n Universitaria (el 13\u00ba de la instituci\u00f3n marplatense) exclusivo para el distrito de Necochea, con la intenci\u00f3n de componer un espacio abierto de gesti\u00f3n comunitaria, donde la universidad y la comunidad busquen de manera colectiva e interdisciplinaria, generar un ambiente propicio para el relevamiento de problem\u00e1ticas, necesidades, intereses y aportes de la comunidad.<\/p>\n<p>La ceremonia cont\u00f3 con el acompa\u00f1amiento de autoridades del Centro Cultural, donde funcionar\u00e1 el CEU; representantes de la Facultad de Ciencias Econ\u00f3micas y Ciencias Sociales, Facultad de Ingenier\u00eda y Facultad de Ciencias de la Salud y Trabajo Social; como as\u00ed de autoridades municipales, del Concejo Deliberante, Consejo Escolar y entidades intermedias.<\/p>\n","protected":false},"excerpt":{"rendered":"<p>La firma del convenio se llev\u00f3 a cabo en el Sal\u00f3n de Actos municipal, donde el intendente Arturo Rojas y el rector de la Universidad de Mar del Plata, Alfredo Lazzeretti, sellaron el acuerdo para el CEU que funcionar\u00e1 en el Centro Cultural local. El intendente municipal, Arturo Rojas, firm\u00f3 este lunes junto al rector [&hellip;]<\/p>\n","protected":false},"author":3,"featured_media":103201,"comment_status":"open","ping_status":"open","sticky":false,"template":"","format":"standard","meta":{"footnotes":""},"categories":[3],"tags":[],"class_list":["post-103199","post","type-post","status-publish","format-standard","has-post-thumbnail","category-masnoticias"],"_links":{"self":[{"href":"https:\/\/primicias2262.com\/noticias\/wp-json\/wp\/v2\/posts\/103199","targetHints":{"allow":["GET"]}}],"collection":[{"href":"https:\/\/primicias2262.com\/noticias\/wp-json\/wp\/v2\/posts"}],"about":[{"href":"https:\/\/primicias2262.com\/noticias\/wp-json\/wp\/v2\/types\/post"}],"author":[{"embeddable":true,"href":"https:\/\/primicias2262.com\/noticias\/wp-json\/wp\/v2\/users\/3"}],"replies":[{"embeddable":true,"href":"https:\/\/primicias2262.com\/noticias\/wp-json\/wp\/v2\/comments?post=103199"}],"version-history":[{"count":2,"href":"https:\/\/primicias2262.com\/noticias\/wp-json\/wp\/v2\/posts\/103199\/revisions"}],"predecessor-version":[{"id":103213,"href":"https:\/\/primicias2262.com\/noticias\/wp-json\/wp\/v2\/posts\/103199\/revisions\/103213"}],"wp:featuredmedia":[{"embeddable":true,"href":"https:\/\/primicias2262.com\/noticias\/wp-json\/wp\/v2\/media\/103201"}],"wp:attachment":[{"href":"https:\/\/primicias2262.com\/noticias\/wp-json\/wp\/v2\/media?parent=103199"}],"wp:term":[{"taxonomy":"category","embeddable":true,"href":"https:\/\/primicias2262.com\/noticias\/wp-json\/wp\/v2\/categories?post=103199"},{"taxonomy":"post_tag","embeddable":true,"href":"https:\/\/primicias2262.com\/noticias\/wp-json\/wp\/v2\/tags?post=103199"}],"curies":[{"name":"wp","href":"https:\/\/api.w.org\/{rel}","templated":true}]}}