{"id":103205,"date":"2023-08-29T00:50:12","date_gmt":"2023-08-29T00:50:12","guid":{"rendered":"https:\/\/primicias2262.com\/noticias\/?p=103205"},"modified":"2023-08-29T16:27:11","modified_gmt":"2023-08-29T16:27:11","slug":"reclamo-de-gremios-portuarios-queremos-hablar-con-el-ministro-o-el-gobernador","status":"publish","type":"post","link":"https:\/\/primicias2262.com\/noticias\/reclamo-de-gremios-portuarios-queremos-hablar-con-el-ministro-o-el-gobernador\/","title":{"rendered":"Reclamo de gremios portuarios: \u201cQueremos hablar con el ministro o el gobernador\u201d"},"content":{"rendered":"<p>En expreso rechazo a la presencia de Mariano Carrillo en una de las bancas designadas, en nombre de los gremios, en el CGPQ. Aquellos conceptos corresponden a Daniel Monjes, secretario general de la Asociaci\u00f3n de Trabajadores de Terminal Quequ\u00e9n. Dijo que <strong>\u00abya no espero m\u00e1s respuesta desde ac\u00e1 (aludiendo al presidente del Consorcio de Puerto Quequ\u00e9n, Jorge \u00c1lvaro), queremos que nos atiendan arriba\u00bb.<\/strong><\/p>\n<p>Este lunes poco antes del mediod\u00eda, en pleno desarrollo de paros intermitentes que paralizan la actividad de Puerto Quequ\u00e9n, tuvo desarrollo una conferencia de prensa de algunos gremios portuarios que vienen apoyando la lucha iniciada por los representantes de los trabajadores de Terminal Quequ\u00e9n, ante un pedido de respuestas al Consorcio de Gesti\u00f3n local, por el vencimiento en la pr\u00f3rroga del elevador que est\u00e1 cargo de aquella concesionaria.<\/p>\n<p><a href=\"https:\/\/primicias2262.com\/noticias\/wp-content\/uploads\/2023\/08\/gremios-puerto2.jpg\"><img loading=\"lazy\" decoding=\"async\" class=\"aligncenter size-full wp-image-103207\" src=\"https:\/\/primicias2262.com\/noticias\/wp-content\/uploads\/2023\/08\/gremios-puerto2.jpg\" alt=\"\" width=\"1188\" height=\"1280\" srcset=\"https:\/\/primicias2262.com\/noticias\/wp-content\/uploads\/2023\/08\/gremios-puerto2.jpg 1188w, https:\/\/primicias2262.com\/noticias\/wp-content\/uploads\/2023\/08\/gremios-puerto2-278x300.jpg 278w, https:\/\/primicias2262.com\/noticias\/wp-content\/uploads\/2023\/08\/gremios-puerto2-950x1024.jpg 950w, https:\/\/primicias2262.com\/noticias\/wp-content\/uploads\/2023\/08\/gremios-puerto2-768x827.jpg 768w, https:\/\/primicias2262.com\/noticias\/wp-content\/uploads\/2023\/08\/gremios-puerto2-150x162.jpg 150w, https:\/\/primicias2262.com\/noticias\/wp-content\/uploads\/2023\/08\/gremios-puerto2-300x323.jpg 300w, https:\/\/primicias2262.com\/noticias\/wp-content\/uploads\/2023\/08\/gremios-puerto2-696x750.jpg 696w, https:\/\/primicias2262.com\/noticias\/wp-content\/uploads\/2023\/08\/gremios-puerto2-1068x1151.jpg 1068w\" sizes=\"auto, (max-width: 1188px) 100vw, 1188px\" \/><\/a><\/p>\n<p>Por otra parte, desde los sindicatos URGARA, SUPA y SUPARA dieron cuenta de su rechazo a la designaci\u00f3n de Mariano Carrillo como nuevo integrante del directorio portuario.<\/p>\n<p>\u201cVamos a presentar un recurso de queja s\u00ed es que no se nos escucha\u201d, dio cuenta Juan Carlos Peralta, secretario general de URGARA en Necochea.<\/p>\n<p>A su turno, Monjes de los Trabajadores de Terminal Quequ\u00e9n anticip\u00f3 que se estar\u00eda conformando una nueva sindical portuaria, en atenci\u00f3n a una anterior. Dio cuenta que \u201chaberla desarmado fue un desacierto, porque hemos perdido muchas cosas\u201d, ocasi\u00f3n en que tambi\u00e9n critic\u00f3 la pasividad de la CGT Regional, \u201cporque -acot\u00f3- deber\u00edan estar defendiendo a los compa\u00f1eros y no haciendo campa\u00f1as detr\u00e1s de un candidato\u201d.<\/p>\n<p>Acot\u00f3 al respecto que \u201cse la pasan pensando (aludiendo a la CGT) en las elecciones\u201d, salvo el intendente Arturo Rojas, del cual expres\u00f3 que \u201cyo he tenido diferencias y las tengo, pero \u00e9l se preocup\u00f3 por nosotros, nos llam\u00f3 y nos atendi\u00f3\u201d.<\/p>\n<p>A su turno, Peralta como David \u00c1lvarez, este \u00faltimo actual secretario General del SUPA en Quequ\u00e9n, manifestaron su desaprobaci\u00f3n por la llegada del aludido Mariano Carrillo al directorio del ente portuario por carecer de antecedentes en temas laborales y portuarios. \u201cNos vamos a permitir ning\u00fan atropell\u00f3 a los trabajadores. No lo conozco a este se\u00f1or, ni se c\u00f3mo se llama, tampoco quiero saberlo porque a m\u00ed no me representa\u201d, manifest\u00f3 \u00c1lvarez, postura que acompa\u00f1\u00f3 adem\u00e1s Mario Lastra, presente junto a otros dirigentes sindicales, oriundo de las filas hist\u00f3ricas de la UATRE de Necochea y Quequ\u00e9n.<\/p>\n","protected":false},"excerpt":{"rendered":"<p>En expreso rechazo a la presencia de Mariano Carrillo en una de las bancas designadas, en nombre de los gremios, en el CGPQ. Aquellos conceptos corresponden a Daniel Monjes, secretario general de la Asociaci\u00f3n de Trabajadores de Terminal Quequ\u00e9n. Dijo que \u00abya no espero m\u00e1s respuesta desde ac\u00e1 (aludiendo al presidente del Consorcio de Puerto [&hellip;]<\/p>\n","protected":false},"author":3,"featured_media":103206,"comment_status":"open","ping_status":"open","sticky":false,"template":"","format":"standard","meta":{"footnotes":""},"categories":[3],"tags":[],"class_list":["post-103205","post","type-post","status-publish","format-standard","has-post-thumbnail","category-masnoticias"],"_links":{"self":[{"href":"https:\/\/primicias2262.com\/noticias\/wp-json\/wp\/v2\/posts\/103205","targetHints":{"allow":["GET"]}}],"collection":[{"href":"https:\/\/primicias2262.com\/noticias\/wp-json\/wp\/v2\/posts"}],"about":[{"href":"https:\/\/primicias2262.com\/noticias\/wp-json\/wp\/v2\/types\/post"}],"author":[{"embeddable":true,"href":"https:\/\/primicias2262.com\/noticias\/wp-json\/wp\/v2\/users\/3"}],"replies":[{"embeddable":true,"href":"https:\/\/primicias2262.com\/noticias\/wp-json\/wp\/v2\/comments?post=103205"}],"version-history":[{"count":2,"href":"https:\/\/primicias2262.com\/noticias\/wp-json\/wp\/v2\/posts\/103205\/revisions"}],"predecessor-version":[{"id":103236,"href":"https:\/\/primicias2262.com\/noticias\/wp-json\/wp\/v2\/posts\/103205\/revisions\/103236"}],"wp:featuredmedia":[{"embeddable":true,"href":"https:\/\/primicias2262.com\/noticias\/wp-json\/wp\/v2\/media\/103206"}],"wp:attachment":[{"href":"https:\/\/primicias2262.com\/noticias\/wp-json\/wp\/v2\/media?parent=103205"}],"wp:term":[{"taxonomy":"category","embeddable":true,"href":"https:\/\/primicias2262.com\/noticias\/wp-json\/wp\/v2\/categories?post=103205"},{"taxonomy":"post_tag","embeddable":true,"href":"https:\/\/primicias2262.com\/noticias\/wp-json\/wp\/v2\/tags?post=103205"}],"curies":[{"name":"wp","href":"https:\/\/api.w.org\/{rel}","templated":true}]}}