{"id":103214,"date":"2023-08-29T13:55:21","date_gmt":"2023-08-29T13:55:21","guid":{"rendered":"https:\/\/primicias2262.com\/noticias\/?p=103214"},"modified":"2023-08-29T13:55:21","modified_gmt":"2023-08-29T13:55:21","slug":"otorgan-hasta-7-millones-a-cada-comerciante-afectado-por-los-saqueos","status":"publish","type":"post","link":"https:\/\/primicias2262.com\/noticias\/otorgan-hasta-7-millones-a-cada-comerciante-afectado-por-los-saqueos\/","title":{"rendered":"Otorgan hasta $7 millones a cada comerciante afectado por los saqueos"},"content":{"rendered":"<p><strong>El Ministerio de Econom\u00eda dispuso otorgar una asistencia financiera de hasta $7 millones a los due\u00f1os de los comercios que sufrieron saqueos durante la semana pasada.<\/strong><\/p>\n<p>La decisi\u00f3n se formaliz\u00f3 por medio de la Disposici\u00f3n Conjunta 1\/2023 de la Subsecretar\u00eda de Pol\u00edticas para el Mercado Interno y la Subsecretar\u00eda de la Peque\u00f1a y Mediana Industria, publicada este martes en el Bolet\u00edn Oficial.<\/p>\n<p><strong>\u00abApru\u00e9base la implementaci\u00f3n de una medida de asistencia financiera a los titulares de los establecimientos que fueron v\u00edctimas de da\u00f1os y\/o robos sufridos en el marco de los acontecimientos de p\u00fablico conocimiento ocurridos entre el 19 y 25 de agosto de 2023, con la finalidad de apoyar la recomposici\u00f3n de su capital de trabajo y los bienes de capital afectados, necesarios para el normal desarrollo de sus actividades<\/strong>\u00ab, seg\u00fan el texto oficial.<\/p>\n<p>La medida entra en vigencia desde este martes y tendr\u00e1 vigencia hasta el 30 de septiembre de 2023.<\/p>\n<p>El Palacio de Hacienda aclar\u00f3 que la asistencia consistir\u00e1 en el otorgamiento de Aportes No Reembolsables (ANRs) por hasta $7 millones por solicitante, que ser\u00e1 determinado por el Comit\u00e9 Ejecutivo del Fondo Nacional de Desarrollo Productivo (FONDEP) y tendr\u00e1 como destino la recomposici\u00f3n de la capacidad operativa de los solicitantes.<\/p>\n<p>Adem\u00e1s, aclar\u00f3 que aquellos establecimientos que se encuentren adheridos al Programa Precios Justos y cuenten con una n\u00f3mina mayor a 50 empleados no podr\u00e1n acceder al beneficio.<\/p>\n<p><strong>A los efectos de acceder al Aporte, los establecimientos deber\u00e1n acreditar ante el Comit\u00e9 Ejecutivo del FONDEP, mediante la presentaci\u00f3n en la Plataforma Tr\u00e1mites a Distancia (TAD), la siguiente documentaci\u00f3n:<\/strong><\/p>\n<p>&#8212; Denuncia policial.<\/p>\n<p>&#8212; Certificaci\u00f3n contable del registro del siniestro seg\u00fan el modelo que se pondr\u00e1 a disposici\u00f3n en argentina.gob.ar\/produccion\/financiamiento.<\/p>\n<p>&#8212; Constancia de CBU certificada perteneciente al comercio que sufri\u00f3 el siniestro.<\/p>\n<p>&#8212; Documentaci\u00f3n probatoria adicional que resulte pertinente (sumario policial, fotos, videos, certificaci\u00f3n provincial y\/o municipal, documentaci\u00f3n que acredite la titularidad del establecimiento, entre otros).<\/p>\n<p>&#8212; Formulario de Solicitud seg\u00fan el modelo que se pondr\u00e1 a disposici\u00f3n en Argentina.gob.ar\/produccion\/financiamiento.<\/p>\n<p>&#8212; Formulario de Informaci\u00f3n de Siniestro.<\/p>\n<p>Econom\u00eda justific\u00f3 esta medida al se\u00f1alar que es necesario \u00abrecuperar r\u00e1pidamente recuperar el capital de trabajo y los bienes de capital que fueron sustra\u00eddos de la capacidad comercial de las v\u00edctimas de los eventos\u00bb.<\/p>\n","protected":false},"excerpt":{"rendered":"<p>El Ministerio de Econom\u00eda dispuso otorgar una asistencia financiera de hasta $7 millones a los due\u00f1os de los comercios que sufrieron saqueos durante la semana pasada. La decisi\u00f3n se formaliz\u00f3 por medio de la Disposici\u00f3n Conjunta 1\/2023 de la Subsecretar\u00eda de Pol\u00edticas para el Mercado Interno y la Subsecretar\u00eda de la Peque\u00f1a y Mediana Industria, [&hellip;]<\/p>\n","protected":false},"author":3,"featured_media":103215,"comment_status":"open","ping_status":"open","sticky":false,"template":"","format":"standard","meta":{"footnotes":""},"categories":[7],"tags":[],"class_list":{"0":"post-103214","1":"post","2":"type-post","3":"status-publish","4":"format-standard","5":"has-post-thumbnail","7":"category-nac"},"_links":{"self":[{"href":"https:\/\/primicias2262.com\/noticias\/wp-json\/wp\/v2\/posts\/103214","targetHints":{"allow":["GET"]}}],"collection":[{"href":"https:\/\/primicias2262.com\/noticias\/wp-json\/wp\/v2\/posts"}],"about":[{"href":"https:\/\/primicias2262.com\/noticias\/wp-json\/wp\/v2\/types\/post"}],"author":[{"embeddable":true,"href":"https:\/\/primicias2262.com\/noticias\/wp-json\/wp\/v2\/users\/3"}],"replies":[{"embeddable":true,"href":"https:\/\/primicias2262.com\/noticias\/wp-json\/wp\/v2\/comments?post=103214"}],"version-history":[{"count":1,"href":"https:\/\/primicias2262.com\/noticias\/wp-json\/wp\/v2\/posts\/103214\/revisions"}],"predecessor-version":[{"id":103216,"href":"https:\/\/primicias2262.com\/noticias\/wp-json\/wp\/v2\/posts\/103214\/revisions\/103216"}],"wp:featuredmedia":[{"embeddable":true,"href":"https:\/\/primicias2262.com\/noticias\/wp-json\/wp\/v2\/media\/103215"}],"wp:attachment":[{"href":"https:\/\/primicias2262.com\/noticias\/wp-json\/wp\/v2\/media?parent=103214"}],"wp:term":[{"taxonomy":"category","embeddable":true,"href":"https:\/\/primicias2262.com\/noticias\/wp-json\/wp\/v2\/categories?post=103214"},{"taxonomy":"post_tag","embeddable":true,"href":"https:\/\/primicias2262.com\/noticias\/wp-json\/wp\/v2\/tags?post=103214"}],"curies":[{"name":"wp","href":"https:\/\/api.w.org\/{rel}","templated":true}]}}