{"id":103217,"date":"2023-08-29T13:58:49","date_gmt":"2023-08-29T13:58:49","guid":{"rendered":"https:\/\/primicias2262.com\/noticias\/?p=103217"},"modified":"2023-08-29T13:58:49","modified_gmt":"2023-08-29T13:58:49","slug":"raverta-dio-detalles-de-las-mejoras-a-jubilados-la-actualizacion-de-auh-y-los-creditos-a-trabajadores","status":"publish","type":"post","link":"https:\/\/primicias2262.com\/noticias\/raverta-dio-detalles-de-las-mejoras-a-jubilados-la-actualizacion-de-auh-y-los-creditos-a-trabajadores\/","title":{"rendered":"Raverta dio detalles de las mejoras a jubilados, la actualizaci\u00f3n de AUH y los cr\u00e9ditos a trabajadores"},"content":{"rendered":"<p><strong>Tras los anuncios realizados ayer por el Ministerio de Econom\u00eda<\/strong>, la titular de ANSES, <strong>Fernanda Raverta<\/strong>, <strong>dio precisiones sobre la implementaci\u00f3n de las medidas<\/strong> tendientes a acompa\u00f1ar y reforzar los ingresos de los jubilados y pensionados, las madres que reciben la Asignaci\u00f3n Universal por Hija e Hijo, j\u00f3venes Progresar y trabajadores registrados.<\/p>\n<p>En el caso de los jubilados y pensionados, que <strong>tendr\u00e1n un refuerzo de ingreso mayor al estipulado originalmente antes de las PASO<\/strong>, Raverta dijo que\u00a0<em>\u201c<\/em>los jubilados y pensionados, que son m\u00e1s de 7,4 millones, en septiembre van a tener un aumento de m\u00e1s del 23 por ciento por la f\u00f3rmula\u00a0de movilidad. Pero adem\u00e1s 5,1 millones que cobran hasta un haber m\u00ednimo, <strong>van a recibir un refuerzo extra de 37 mil pesos por cada mes\u00bb<\/strong>.<\/p>\n<p><em>Y agreg\u00f3: <\/em>\u00abDe esta manera, en septiembre, octubre y noviembre, <strong>ning\u00fan jubilado o pensionado va a estar cobrando menos de 124.460 pesos<\/strong>, en el marco del programa de fortalecimiento del ingreso de las familias argentinas\u201d.<\/p>\n<p>En el caso de los $37 mil, se percibir\u00e1n de forma autom\u00e1tica junto con los haberes seg\u00fan el cronograma de pagos habitual, que desde septiembre tambi\u00e9n contemplar\u00e1 el aumento por la Ley de Movilidad del 23,29%.<\/p>\n<p>Por otra parte, aclar\u00f3 que <strong>los jubilados de la m\u00ednima que no requirieron de una moratoria para completar sus 30 a\u00f1os de aportes (m\u00e1s de 1,2 mill\u00f3n) estar\u00e1n recibiendo $9 mil adicionales en su haber.<\/strong><\/p>\n<p>Con estos refuerzos, desde la ANSES calculan que\u00a0<strong>la jubilaci\u00f3n m\u00ednima habr\u00e1 tenido un incremento interanual del 147% <\/strong>(septiembre 2022 &#8211; septiembre 2023), ubic\u00e1ndose por encima de la inflaci\u00f3n del per\u00edodo.<\/p>\n<h2><strong>Ampliaci\u00f3n del porcentaje de devoluci\u00f3n del IVA<\/strong><\/h2>\n<p>Otra de las medidas para\u00a0 los jubilados y pensionados consisti\u00f3 en<strong> la devoluci\u00f3n del IVA que pasar\u00e1 a ser de hasta 18 mil pesos<\/strong> (antes era de hasta 4056 pesos) lo que equivale a una mejora cercana al 15% del haber m\u00ednimo.<\/p>\n<h2><strong>Cr\u00e9ditos ANSES<\/strong><\/h2>\n<div><\/div>\n<p>Sobre este programa, <strong>Raverta <\/strong>inform\u00f3 que \u201c<strong>Cr\u00e9ditos ANSES\u00a0 sigue vigente<\/strong> y, a partir de su relanzamiento en julio, ya entregamos 600 mil pr\u00e9stamos a los jubilados y pensionados <strong>con una tasa subsidiada del 29 por ciento<\/strong><strong>\u201d.<\/strong><\/p>\n<p>Este cr\u00e9dito, puede obtenerse con un monto de<strong> hasta 400 mil pesos a devolver en 24, 36 o 48 cuotas<\/strong> con una tasa del 29 por ciento anual, la m\u00e1s baja del mercado. Para ello, es necesario sacar un turno para realizar en tr\u00e1mite en cualquier oficina de ANSES.<\/p>\n<h2>Asignaci\u00f3n Universal por Hijo<\/h2>\n<p><strong>\u00a0<\/strong>Al igual que con las jubilaciones y pensiones, <strong>la Asignaci\u00f3n Universal por Hija e Hijo (AUH) aumentar\u00e1 por movilidad un 23,29 por ciento<\/strong> desde septiembre y ser\u00e1 de 17.093 pesos.<\/p>\n<p>En este sentido,\u00a0<strong>tambi\u00e9n se incrementan los montos del Programa Alimentar<\/strong> (que se paga junto con la AUH), una pol\u00edtica de seguridad alimentaria que acompa\u00f1a a m\u00e1s de 2,3 millones de familias y 3,9 millones de ni\u00f1as, ni\u00f1os y adolescentes hasta los 14 a\u00f1os de edad.<\/p>\n<p>De esta manera, los nuevos montos para septiembre y octubre son:<\/p>\n<ul>\n<li>Familias con 1 hijo:\u00a0 \u00a0Alimentar\u00a0 $22.000 + AUH $17.093.<\/li>\n<li>Familias con 2 hijos: Alimentar\u00a0 $34.500 + AUH $34.186.<\/li>\n<li>Familias con 3 hijos: Alimentar\u00a0 $45.500 + AUH $51.279.<\/li>\n<\/ul>\n<p>Por otra parte, desde noviembre, el Programa Alimentar aumentar\u00e1 un 30% sobre el monto de octubre.<\/p>\n<h2>Becas Progresar para 16 y 17 a\u00f1os<\/h2>\n<p>ANSES recuerda que, desde este mes, medio mill\u00f3n de j\u00f3venes Progresar de 16 y 17 a\u00f1os cobran su beca con el <strong>nuevo monto de $20 mil<\/strong>\u00a0para que puedan finalizar sus estudios secundarios.<\/p>\n<h2>Nueva l\u00ednea de cr\u00e9dito familiar para trabajadores<\/h2>\n<p>Est\u00e1 destinado para trabajadores en relaci\u00f3n de dependencia <strong>que no se encuentran alcanzados por el Impuesto a las Ganancias<\/strong>, es decir, que su ingreso no supere los $700 mil.<\/p>\n<p>Este programa de cr\u00e9dito familiar ser\u00e1 <strong>de hasta 400 mil pesos, podr\u00e1 ser financiado en 24, 36 o 48 cuotas<\/strong> y tendr\u00e1 la mejor tasa del mercado, ya que es una <strong>tasa subsidiada del 50 por ciento anual.<\/strong><\/p>\n<p>En los pr\u00f3ximos d\u00edas se estar\u00e1n dando mayores precisiones sobre c\u00f3mo ser\u00e1 la implementaci\u00f3n y el acceso a la medida.<\/p>\n","protected":false},"excerpt":{"rendered":"<p>Tras los anuncios realizados ayer por el Ministerio de Econom\u00eda, la titular de ANSES, Fernanda Raverta, dio precisiones sobre la implementaci\u00f3n de las medidas tendientes a acompa\u00f1ar y reforzar los ingresos de los jubilados y pensionados, las madres que reciben la Asignaci\u00f3n Universal por Hija e Hijo, j\u00f3venes Progresar y trabajadores registrados. En el caso [&hellip;]<\/p>\n","protected":false},"author":3,"featured_media":101568,"comment_status":"open","ping_status":"open","sticky":false,"template":"","format":"standard","meta":{"footnotes":""},"categories":[7],"tags":[],"class_list":{"0":"post-103217","1":"post","2":"type-post","3":"status-publish","4":"format-standard","5":"has-post-thumbnail","7":"category-nac"},"_links":{"self":[{"href":"https:\/\/primicias2262.com\/noticias\/wp-json\/wp\/v2\/posts\/103217","targetHints":{"allow":["GET"]}}],"collection":[{"href":"https:\/\/primicias2262.com\/noticias\/wp-json\/wp\/v2\/posts"}],"about":[{"href":"https:\/\/primicias2262.com\/noticias\/wp-json\/wp\/v2\/types\/post"}],"author":[{"embeddable":true,"href":"https:\/\/primicias2262.com\/noticias\/wp-json\/wp\/v2\/users\/3"}],"replies":[{"embeddable":true,"href":"https:\/\/primicias2262.com\/noticias\/wp-json\/wp\/v2\/comments?post=103217"}],"version-history":[{"count":1,"href":"https:\/\/primicias2262.com\/noticias\/wp-json\/wp\/v2\/posts\/103217\/revisions"}],"predecessor-version":[{"id":103218,"href":"https:\/\/primicias2262.com\/noticias\/wp-json\/wp\/v2\/posts\/103217\/revisions\/103218"}],"wp:featuredmedia":[{"embeddable":true,"href":"https:\/\/primicias2262.com\/noticias\/wp-json\/wp\/v2\/media\/101568"}],"wp:attachment":[{"href":"https:\/\/primicias2262.com\/noticias\/wp-json\/wp\/v2\/media?parent=103217"}],"wp:term":[{"taxonomy":"category","embeddable":true,"href":"https:\/\/primicias2262.com\/noticias\/wp-json\/wp\/v2\/categories?post=103217"},{"taxonomy":"post_tag","embeddable":true,"href":"https:\/\/primicias2262.com\/noticias\/wp-json\/wp\/v2\/tags?post=103217"}],"curies":[{"name":"wp","href":"https:\/\/api.w.org\/{rel}","templated":true}]}}