{"id":103222,"date":"2023-08-29T14:02:41","date_gmt":"2023-08-29T14:02:41","guid":{"rendered":"https:\/\/primicias2262.com\/noticias\/?p=103222"},"modified":"2023-08-29T14:02:41","modified_gmt":"2023-08-29T14:02:41","slug":"las-reacciones-ante-los-anuncios-del-gobierno","status":"publish","type":"post","link":"https:\/\/primicias2262.com\/noticias\/las-reacciones-ante-los-anuncios-del-gobierno\/","title":{"rendered":"Las reacciones ante los anuncios del Gobierno"},"content":{"rendered":"<div class=\"col 2-col\">\n<div class=\"article-main-content article-text \">\n<p>Las medidas <b>paliativas de la devaluaci\u00f3n <\/b><b>post-PASO<\/b> que implement\u00f3 el Gobierno para recomponer los ingresos de los sectores populares y renovar el \u00e1nimo social de cara a lo que resta de la campa\u00f1a electoral despert\u00f3 reacciones encontradas. En un contexto de alt\u00edsima politizaci\u00f3n, la apuesta oficial no pas\u00f3 de largo.<\/p>\n<p>Las <b>pymes, por caso, salieron a apoyar los anuncios porque entienden que permiten recomponer la din\u00e1mica del mercado interno,<\/b> mientras que la CAME y la CAC, m\u00e1s ligadas pol\u00edticamente al gran empresariado, advirtieron que las medidas impactan sobre los costos de las compa\u00f1\u00edas y criticaron al Gobierno.<\/p>\n<div id=\"div-gpt-ad-inline\" data-google-query-id=\"CLv3lLeDgoEDFfyKlQIdvOQKdw\">\n<div id=\"google_ads_iframe_\/349353471\/p12_nota_TEADS_0__container__\"><iframe id=\"google_ads_iframe_\/349353471\/p12_nota_TEADS_0\" tabindex=\"0\" title=\"3rd party ad content\" role=\"region\" name=\"google_ads_iframe_\/349353471\/p12_nota_TEADS_0\" width=\"1\" height=\"1\" frameborder=\"0\" marginwidth=\"0\" marginheight=\"0\" scrolling=\"no\" aria-label=\"Advertisement\" data-google-container-id=\"2\" data-load-complete=\"true\" data-mce-fragment=\"1\"><\/iframe><\/div>\n<\/div>\n<div id=\"talkFireEvent\"><\/div>\n<p>Referentes gremiales avalaron los anuncios, que tienen un <b>corte fiscal expansivo<\/b>, aunque algunos advirtieron que \u00abse quedan cortos\u00bb ante la situaci\u00f3n del salario, que viene sufriendo frente a la marcha de la inflaci\u00f3n. En el oficialismo, la iniciativa es vista como un relanzamiento de la campa\u00f1a presidencial.<\/p>\n<h2><b>Las pymes<\/b><\/h2>\n<p>\u00abApyme considera <b>muy positivas las medidas anunciadas.<\/b> Es imperioso recuperar y proteger el poder adquisitivo de la poblaci\u00f3n, fortaleciendo la demanda en el mercado interno, y por lo tanto las ventas de las Mipymes\u00bb, se\u00f1al\u00f3 Apyme, una entidad af\u00edn al panperonismo, cuyas empresas asociadas dependen estrechamente de la marcha del mercado interno. La entidad celebr\u00f3 que \u00ab<b>se contemple la situaci\u00f3n diferencial de las empresas a la hora de abonar las sumas fijas <\/b>dispuestas tanto para los empleados y empleadas privados como del Estado, financiando el 50 por ciento para Pymes y el 100 por ciento para Mipymes, mediante el descuento de contribuciones patronales\u00bb.<\/p>\n<p>Nuevamente, por el lado de las peque\u00f1as empresas, el presidente de Industriales Pymes Argentinos (IPA), Daniel Rosato, dijo que se trata de <b>\u00abanuncios importantes en un momento complicado, donde la gente necesita mejorar sus salarios.<\/b> Esto viene a ser una recomposici\u00f3n a cuenta que hab\u00eda que hacerla ahora y es clave el acuerdo de precios que est\u00e1 haciendo el gobierno con los combustibles hasta noviembre\u00bb.<\/p>\n<h2><b>Cr\u00edticas<\/b><\/h2>\n<p>En cambio, Jorge Pazos, de la CAME, plante\u00f3 que \u00ab<b>el mecanismo de ajuste salarial del sector privado son las paritarias<\/b> y no una imposici\u00f3n del Estado sobre las relaciones laborales por fuera de su alcance. CAME sostiene que cada sector de la econom\u00eda y cada empresa en particular atraviesa diferentes situaciones que jam\u00e1s pueden homologarse al punto de <b>establecer unilateralmente aumentos generales<\/b>, aun asumiendo el Ejecutivo nacional el 50 por ciento del incremento dispuesto\u00bb.<\/p>\n<p>La C\u00e1mara Argentina de Comercio y Servicios (CAC) manifest\u00f3 su<b> \u00abprofunda preocupaci\u00f3n\u00bb<\/b> por el compromiso que se deber\u00e1 asumir y remarc\u00f3 que <b>\u00abson las negociaciones paritarias el \u00e1mbito donde deben determinarse las remuneraciones<\/b>, toda vez que all\u00ed se pueden conciliar las leg\u00edtimas pretensiones de los trabajadores con las reales posibilidades de las empresas de cada sector\u00bb.<\/p>\n<p>\u00abLa entidad es plenamente consciente del deterioro que el poder adquisitivo de los salarios experimenta mes a mes de la mano de la persistente y elevada inflaci\u00f3n, pero buena parte de las empresas del pa\u00eds se encuentra en una delicada situaci\u00f3n\u00bb, agreg\u00f3.<\/p>\n<h2><b>Paliativo<\/b><\/h2>\n<p>El secretario general de la Asociaci\u00f3n de Trabajadores del Estado (ATE), Hugo Godoy, dijo que <b>\u201c60 mil pesos era lo que solicit\u00e1bamos como suma fija en marzo y la realidad es que la inflaci\u00f3n ahora est\u00e1 mucho m\u00e1s disparada de lo que estaba en ese momento.<\/b> Los trabajadores municipales y provinciales son los m\u00e1s afectados hoy en el universo de trabajadores estatales\u201d.<\/p>\n<p>\u201cEl plan del FMI es inflacionario y <b>el Gobierno deber\u00eda haberse animado un poco m\u00e1s en este tire y afloje<\/b>\u201d, agreg\u00f3 Godoy. Pidi\u00f3 que se adelante la convocatoria al Consejo del Salario y consider\u00f3 que \u00abel hecho de que esos sectores neoliberales que reivindican a Cavallo, a Macri, a Menem, puedan volver al Gobierno es la demostraci\u00f3n muy cabal de que este Gobierno viene muy retrasado a nivel nacional a dar las respuestas que el pueblo\u201d.<\/p>\n<p>En tanto, Omar Plaini, titular del gremio de Canillitas y senador provincial bonaerense del Frente de Todos (FdT), dijo que <b>\u00abson paliativos frente a una situaci\u00f3n compleja\u00bb. <\/b>\u00abSi esto hubiera quedado al libre albedr\u00edo del mercado, ni siquiera tendr\u00edamos estos paliativos. La ra\u00edz del problema que tiene la Argentina hoy es que se cogobierna con el FMI\u00bb.<\/p>\n<h2><b>Energ\u00eda para la campa\u00f1a<\/b><\/h2>\n<p>Walter Correa, proveniente del gremio de curtidores y actual ministro de Trabajo de la provincia de Buenos Aires, consider\u00f3 \u00abque las medidas anunciadas eran <b>necesarias y positivas para fortalecer la campa\u00f1a\u00bb. <\/b>\u00abEstas medidas inyectan recursos y esperanza para activar la campa\u00f1a, son positivas, y tambi\u00e9n nos energizan a nosotros, los militantes, para apuntar a ganar en octubre\u00bb.<\/p>\n<p>Para Daniel Arroyo, diputado del Frente de Todos, \u00ablas medidas son de tres tipos: buscan <b>tener m\u00e1s plata en los bolsillos, como el bono a los jubilados y la suma fija<\/b>; por otro lado est\u00e1 la cuesti\u00f3n de los precios de los alimentos, porque el precio se ha ido muy arriba, y despu\u00e9s las medidas para los monotributistas, la posibilidad de acceso a cr\u00e9dito en un contexto complejo\u00bb.<\/p>\n<\/div>\n<\/div>\n","protected":false},"excerpt":{"rendered":"<p>Las medidas paliativas de la devaluaci\u00f3n post-PASO que implement\u00f3 el Gobierno para recomponer los ingresos de los sectores populares y renovar el \u00e1nimo social de cara a lo que resta de la campa\u00f1a electoral despert\u00f3 reacciones encontradas. En un contexto de alt\u00edsima politizaci\u00f3n, la apuesta oficial no pas\u00f3 de largo. Las pymes, por caso, salieron [&hellip;]<\/p>\n","protected":false},"author":3,"featured_media":103223,"comment_status":"open","ping_status":"open","sticky":false,"template":"","format":"standard","meta":{"footnotes":""},"categories":[7],"tags":[],"class_list":{"0":"post-103222","1":"post","2":"type-post","3":"status-publish","4":"format-standard","5":"has-post-thumbnail","7":"category-nac"},"_links":{"self":[{"href":"https:\/\/primicias2262.com\/noticias\/wp-json\/wp\/v2\/posts\/103222","targetHints":{"allow":["GET"]}}],"collection":[{"href":"https:\/\/primicias2262.com\/noticias\/wp-json\/wp\/v2\/posts"}],"about":[{"href":"https:\/\/primicias2262.com\/noticias\/wp-json\/wp\/v2\/types\/post"}],"author":[{"embeddable":true,"href":"https:\/\/primicias2262.com\/noticias\/wp-json\/wp\/v2\/users\/3"}],"replies":[{"embeddable":true,"href":"https:\/\/primicias2262.com\/noticias\/wp-json\/wp\/v2\/comments?post=103222"}],"version-history":[{"count":2,"href":"https:\/\/primicias2262.com\/noticias\/wp-json\/wp\/v2\/posts\/103222\/revisions"}],"predecessor-version":[{"id":103225,"href":"https:\/\/primicias2262.com\/noticias\/wp-json\/wp\/v2\/posts\/103222\/revisions\/103225"}],"wp:featuredmedia":[{"embeddable":true,"href":"https:\/\/primicias2262.com\/noticias\/wp-json\/wp\/v2\/media\/103223"}],"wp:attachment":[{"href":"https:\/\/primicias2262.com\/noticias\/wp-json\/wp\/v2\/media?parent=103222"}],"wp:term":[{"taxonomy":"category","embeddable":true,"href":"https:\/\/primicias2262.com\/noticias\/wp-json\/wp\/v2\/categories?post=103222"},{"taxonomy":"post_tag","embeddable":true,"href":"https:\/\/primicias2262.com\/noticias\/wp-json\/wp\/v2\/tags?post=103222"}],"curies":[{"name":"wp","href":"https:\/\/api.w.org\/{rel}","templated":true}]}}