{"id":103237,"date":"2023-08-30T11:59:27","date_gmt":"2023-08-30T11:59:27","guid":{"rendered":"https:\/\/primicias2262.com\/noticias\/?p=103237"},"modified":"2023-08-31T12:01:55","modified_gmt":"2023-08-31T12:01:55","slug":"el-ing-pardal-brindo-un-informe-sobre-el-estado-estructural-de-la-galeria-central","status":"publish","type":"post","link":"https:\/\/primicias2262.com\/noticias\/el-ing-pardal-brindo-un-informe-sobre-el-estado-estructural-de-la-galeria-central\/","title":{"rendered":"El Ing. Pardal brind\u00f3 un informe sobre el estado estructural de la Galer\u00eda Central"},"content":{"rendered":"<p><strong>En comunicaci\u00f3n telef\u00f3nica con el periodista Jorge G\u00f3mez para \u201cVoces de la Ciudad\u201d, el ingeniero Gustavo Pardal describi\u00f3 lo que vio en el hist\u00f3rico edificio de Necochea tras el incendio del s\u00e1bado por la noche, y los pasos a seguir que se deber\u00e1n seguir para el recupero, se\u00f1alando que \u201cactualmente al edificio solo se puede circular por los extremos\u201d.<\/strong><\/p>\n<p><a href=\"https:\/\/primicias2262.com\/noticias\/wp-content\/uploads\/2023\/08\/galeria-central2.jpg\"><img loading=\"lazy\" decoding=\"async\" class=\"alignleft size-medium wp-image-103254\" src=\"https:\/\/primicias2262.com\/noticias\/wp-content\/uploads\/2023\/08\/galeria-central2-300x225.jpg\" alt=\"\" width=\"300\" height=\"225\" srcset=\"https:\/\/primicias2262.com\/noticias\/wp-content\/uploads\/2023\/08\/galeria-central2-300x225.jpg 300w, https:\/\/primicias2262.com\/noticias\/wp-content\/uploads\/2023\/08\/galeria-central2-1024x768.jpg 1024w, https:\/\/primicias2262.com\/noticias\/wp-content\/uploads\/2023\/08\/galeria-central2-768x576.jpg 768w, https:\/\/primicias2262.com\/noticias\/wp-content\/uploads\/2023\/08\/galeria-central2-1536x1152.jpg 1536w, https:\/\/primicias2262.com\/noticias\/wp-content\/uploads\/2023\/08\/galeria-central2-150x113.jpg 150w, https:\/\/primicias2262.com\/noticias\/wp-content\/uploads\/2023\/08\/galeria-central2-696x522.jpg 696w, https:\/\/primicias2262.com\/noticias\/wp-content\/uploads\/2023\/08\/galeria-central2-1068x801.jpg 1068w, https:\/\/primicias2262.com\/noticias\/wp-content\/uploads\/2023\/08\/galeria-central2.jpg 1600w\" sizes=\"auto, (max-width: 300px) 100vw, 300px\" \/><\/a>El reconocido ingeniero local de 62 a\u00f1os testimoni\u00f3 que \u201cel domingo me convocaron del municipio para ver si acompa\u00f1aba a sus profesionales para hacer una primera revisi\u00f3n de la situaci\u00f3n en la Galer\u00eda, y el lunes hicimos otra visita un poco m\u00e1s profunda, y la estructura central del edificio, que une el cuerpo A y el B, losa y columnas, ha recibido mucha temperatura, lo que ha puesto en riesgo la estructura y la escalera central\u201d.<\/p>\n<p>\u201cEl origen del fuego por el peritaje de los bomberos fue un auto que se incendi\u00f3 en el segundo nivel de cochera, la parte m\u00e1s baja, debajo de donde estaba el bar, y lo que separaba de la parte comercial era un entrepiso de madera que se prendi\u00f3 fuego y pas\u00f3 toda la combusti\u00f3n y humo a la galer\u00eda\u201d, contextualiz\u00f3 el profesional.<\/p>\n<p><a href=\"https:\/\/primicias2262.com\/noticias\/wp-content\/uploads\/2023\/08\/gustavo-pardal.jpeg\"><img loading=\"lazy\" decoding=\"async\" class=\"alignleft size-medium wp-image-103240\" src=\"https:\/\/primicias2262.com\/noticias\/wp-content\/uploads\/2023\/08\/gustavo-pardal-268x300.jpeg\" alt=\"\" width=\"268\" height=\"300\" srcset=\"https:\/\/primicias2262.com\/noticias\/wp-content\/uploads\/2023\/08\/gustavo-pardal-268x300.jpeg 268w, https:\/\/primicias2262.com\/noticias\/wp-content\/uploads\/2023\/08\/gustavo-pardal-150x168.jpeg 150w, https:\/\/primicias2262.com\/noticias\/wp-content\/uploads\/2023\/08\/gustavo-pardal-300x336.jpeg 300w, https:\/\/primicias2262.com\/noticias\/wp-content\/uploads\/2023\/08\/gustavo-pardal.jpeg 324w\" sizes=\"auto, (max-width: 268px) 100vw, 268px\" \/><\/a>Seguidamente, al pregunt\u00e1rsele c\u00f3mo est\u00e1 la calidad de la construcci\u00f3n donde est\u00e1n apoyados los tres edificios en los que reside la gente, inform\u00f3 que \u201cdonde est\u00e1n los cuerpos al parecer no ha llegado la afectaci\u00f3n del fuego a las columnas, pero s\u00ed en la parte estructural y losa que une al cuerpo A y B, que da a la 64\u201d, profundizando que \u201centre una torre y la otra hay una losa, cuyo fondo da al Banco Provincia, es la zona m\u00e1s afectada porque las columnas son linderas a donde estaba el auto, y esa parte requiere de un estudio m\u00e1s profundo de las columnas con equipos de ultrasonido m\u00e1s sofisticados para poder determinar la resistencia de los hierros\u201d.<\/p>\n<p>Notific\u00f3 en consecuencia que \u201ca la Torre A se puede acceder por 64, y a la B y C se puede acceder por 66, pero a la parte central donde estuvo el foco de incendio no se puede pasar, es decir, no se puede atravesar la Galer\u00eda de una punta a la otra como hac\u00edamos normalmente, sino entrar por los extremos\u201d.<\/p>\n<p><a href=\"https:\/\/primicias2262.com\/noticias\/wp-content\/uploads\/2023\/08\/galeria-central3.jpg\"><img loading=\"lazy\" decoding=\"async\" class=\"aligncenter size-full wp-image-103257\" src=\"https:\/\/primicias2262.com\/noticias\/wp-content\/uploads\/2023\/08\/galeria-central3.jpg\" alt=\"\" width=\"1600\" height=\"1200\" srcset=\"https:\/\/primicias2262.com\/noticias\/wp-content\/uploads\/2023\/08\/galeria-central3.jpg 1600w, https:\/\/primicias2262.com\/noticias\/wp-content\/uploads\/2023\/08\/galeria-central3-300x225.jpg 300w, https:\/\/primicias2262.com\/noticias\/wp-content\/uploads\/2023\/08\/galeria-central3-1024x768.jpg 1024w, https:\/\/primicias2262.com\/noticias\/wp-content\/uploads\/2023\/08\/galeria-central3-768x576.jpg 768w, https:\/\/primicias2262.com\/noticias\/wp-content\/uploads\/2023\/08\/galeria-central3-1536x1152.jpg 1536w, https:\/\/primicias2262.com\/noticias\/wp-content\/uploads\/2023\/08\/galeria-central3-150x113.jpg 150w, https:\/\/primicias2262.com\/noticias\/wp-content\/uploads\/2023\/08\/galeria-central3-696x522.jpg 696w, https:\/\/primicias2262.com\/noticias\/wp-content\/uploads\/2023\/08\/galeria-central3-1068x801.jpg 1068w\" sizes=\"auto, (max-width: 1600px) 100vw, 1600px\" \/><\/a>Pardal se\u00f1al\u00f3 que el fuego pudo alcanzar alrededor de los 800 grados: Hay perfiles de hierro doble T que fueron doblados, se deformaron por la alt\u00edsima temperatura durante mucho tiempo; el calor lleg\u00f3 hasta la losa del techo y gener\u00f3 el desprendimiento de todo el cielorraso de la Galer\u00eda Central; se rompieron la mayor\u00eda de los vidrios del sector, ya que el humo con tanto espesor rompi\u00f3 los vidrios y estrope\u00f3 toda la mercader\u00eda, hay computadoras derretidas y todos los artefactos de luz colgando y deformados; adem\u00e1s del efecto del holl\u00edn tambi\u00e9n\u2026 realmente es trist\u00edsimo ver el estado de eso y la situaci\u00f3n de los propietarios\u201d.<\/p>\n<p>Finalmente, Pardal actualiz\u00f3 que \u201cen principio el municipio declar\u00f3 la clausura por el riesgo que hay para circular en el sector, tanto por el estado de las losas como por el desprendimiento del material, y ahora habr\u00e1 que reunirse con todos los propietarios para ver c\u00f3mo se sigue con todo esto. Hay que hacer estudios y peritajes a fondo para dar la real situaci\u00f3n del estado y el plan de recupero\u201d.<\/p>\n<div id='gallery-1' class='gallery galleryid-103237 gallery-columns-2 gallery-size-medium'><figure class='gallery-item'>\n\t\t\t<div class='gallery-icon landscape'>\n\t\t\t\t<a href='https:\/\/primicias2262.com\/noticias\/el-ing-pardal-brindo-un-informe-sobre-el-estado-estructural-de-la-galeria-central\/galeria-central\/'><img loading=\"lazy\" decoding=\"async\" width=\"300\" height=\"225\" src=\"https:\/\/primicias2262.com\/noticias\/wp-content\/uploads\/2023\/08\/galeria-central-300x225.jpg\" class=\"attachment-medium size-medium\" alt=\"\" srcset=\"https:\/\/primicias2262.com\/noticias\/wp-content\/uploads\/2023\/08\/galeria-central-300x225.jpg 300w, https:\/\/primicias2262.com\/noticias\/wp-content\/uploads\/2023\/08\/galeria-central-1024x768.jpg 1024w, https:\/\/primicias2262.com\/noticias\/wp-content\/uploads\/2023\/08\/galeria-central-768x576.jpg 768w, https:\/\/primicias2262.com\/noticias\/wp-content\/uploads\/2023\/08\/galeria-central-1536x1152.jpg 1536w, https:\/\/primicias2262.com\/noticias\/wp-content\/uploads\/2023\/08\/galeria-central-150x113.jpg 150w, https:\/\/primicias2262.com\/noticias\/wp-content\/uploads\/2023\/08\/galeria-central-696x522.jpg 696w, https:\/\/primicias2262.com\/noticias\/wp-content\/uploads\/2023\/08\/galeria-central-1068x801.jpg 1068w, https:\/\/primicias2262.com\/noticias\/wp-content\/uploads\/2023\/08\/galeria-central.jpg 1600w\" sizes=\"auto, (max-width: 300px) 100vw, 300px\" \/><\/a>\n\t\t\t<\/div><\/figure><figure class='gallery-item'>\n\t\t\t<div class='gallery-icon landscape'>\n\t\t\t\t<a href='https:\/\/primicias2262.com\/noticias\/el-ing-pardal-brindo-un-informe-sobre-el-estado-estructural-de-la-galeria-central\/whatsapp-image-2023-08-28-at-10-15-14-am\/'><img loading=\"lazy\" decoding=\"async\" width=\"300\" height=\"225\" src=\"https:\/\/primicias2262.com\/noticias\/wp-content\/uploads\/2023\/08\/WhatsApp-Image-2023-08-28-at-10.15.14-AM-300x225.jpeg\" class=\"attachment-medium size-medium\" alt=\"\" srcset=\"https:\/\/primicias2262.com\/noticias\/wp-content\/uploads\/2023\/08\/WhatsApp-Image-2023-08-28-at-10.15.14-AM-300x225.jpeg 300w, https:\/\/primicias2262.com\/noticias\/wp-content\/uploads\/2023\/08\/WhatsApp-Image-2023-08-28-at-10.15.14-AM-1024x768.jpeg 1024w, https:\/\/primicias2262.com\/noticias\/wp-content\/uploads\/2023\/08\/WhatsApp-Image-2023-08-28-at-10.15.14-AM-768x576.jpeg 768w, https:\/\/primicias2262.com\/noticias\/wp-content\/uploads\/2023\/08\/WhatsApp-Image-2023-08-28-at-10.15.14-AM-1536x1152.jpeg 1536w, https:\/\/primicias2262.com\/noticias\/wp-content\/uploads\/2023\/08\/WhatsApp-Image-2023-08-28-at-10.15.14-AM-150x113.jpeg 150w, https:\/\/primicias2262.com\/noticias\/wp-content\/uploads\/2023\/08\/WhatsApp-Image-2023-08-28-at-10.15.14-AM-696x522.jpeg 696w, https:\/\/primicias2262.com\/noticias\/wp-content\/uploads\/2023\/08\/WhatsApp-Image-2023-08-28-at-10.15.14-AM-1068x801.jpeg 1068w, https:\/\/primicias2262.com\/noticias\/wp-content\/uploads\/2023\/08\/WhatsApp-Image-2023-08-28-at-10.15.14-AM.jpeg 1600w\" sizes=\"auto, (max-width: 300px) 100vw, 300px\" \/><\/a>\n\t\t\t<\/div><\/figure>\n\t\t<\/div>\n\n<p><strong>FOTOS: Estefan\u00eda Dray<\/strong><\/p>\n","protected":false},"excerpt":{"rendered":"<p>En comunicaci\u00f3n telef\u00f3nica con el periodista Jorge G\u00f3mez para \u201cVoces de la Ciudad\u201d, el ingeniero Gustavo Pardal describi\u00f3 lo que vio en el hist\u00f3rico edificio de Necochea tras el incendio del s\u00e1bado por la noche, y los pasos a seguir que se deber\u00e1n seguir para el recupero, se\u00f1alando que \u201cactualmente al edificio solo se puede [&hellip;]<\/p>\n","protected":false},"author":3,"featured_media":103255,"comment_status":"open","ping_status":"open","sticky":false,"template":"","format":"standard","meta":{"footnotes":""},"categories":[3],"tags":[],"class_list":["post-103237","post","type-post","status-publish","format-standard","has-post-thumbnail","category-masnoticias"],"_links":{"self":[{"href":"https:\/\/primicias2262.com\/noticias\/wp-json\/wp\/v2\/posts\/103237","targetHints":{"allow":["GET"]}}],"collection":[{"href":"https:\/\/primicias2262.com\/noticias\/wp-json\/wp\/v2\/posts"}],"about":[{"href":"https:\/\/primicias2262.com\/noticias\/wp-json\/wp\/v2\/types\/post"}],"author":[{"embeddable":true,"href":"https:\/\/primicias2262.com\/noticias\/wp-json\/wp\/v2\/users\/3"}],"replies":[{"embeddable":true,"href":"https:\/\/primicias2262.com\/noticias\/wp-json\/wp\/v2\/comments?post=103237"}],"version-history":[{"count":4,"href":"https:\/\/primicias2262.com\/noticias\/wp-json\/wp\/v2\/posts\/103237\/revisions"}],"predecessor-version":[{"id":103258,"href":"https:\/\/primicias2262.com\/noticias\/wp-json\/wp\/v2\/posts\/103237\/revisions\/103258"}],"wp:featuredmedia":[{"embeddable":true,"href":"https:\/\/primicias2262.com\/noticias\/wp-json\/wp\/v2\/media\/103255"}],"wp:attachment":[{"href":"https:\/\/primicias2262.com\/noticias\/wp-json\/wp\/v2\/media?parent=103237"}],"wp:term":[{"taxonomy":"category","embeddable":true,"href":"https:\/\/primicias2262.com\/noticias\/wp-json\/wp\/v2\/categories?post=103237"},{"taxonomy":"post_tag","embeddable":true,"href":"https:\/\/primicias2262.com\/noticias\/wp-json\/wp\/v2\/tags?post=103237"}],"curies":[{"name":"wp","href":"https:\/\/api.w.org\/{rel}","templated":true}]}}