{"id":103239,"date":"2023-08-30T11:56:35","date_gmt":"2023-08-30T11:56:35","guid":{"rendered":"https:\/\/primicias2262.com\/noticias\/?p=103239"},"modified":"2023-08-31T11:57:21","modified_gmt":"2023-08-31T11:57:21","slug":"laboratorios-ante-la-crisis-podria-tener-vigencia-el-cobro-de-un-bono-extra-de-tres-mil-pesos-a-pacientes","status":"publish","type":"post","link":"https:\/\/primicias2262.com\/noticias\/laboratorios-ante-la-crisis-podria-tener-vigencia-el-cobro-de-un-bono-extra-de-tres-mil-pesos-a-pacientes\/","title":{"rendered":"Laboratorios: ante la crisis podr\u00eda tener vigencia el cobro de un bono extra de tres mil pesos a pacientes"},"content":{"rendered":"<p><strong>Esta medida ser\u00e1 tratada por el Centro de Bioqu\u00edmicos 9\u00ba que nuclea entre otros, a los laboratorios de Necochea, y al respeto se explay\u00f3 el bioqu\u00edmoco local, Flavio Gavarrino, durante una nota realizada por el periodista Jorge G\u00f3mez en \u201cVoces de la Ciudad\u201d.<\/strong><\/p>\n<p>Luego del art\u00edculo que dio a conocer dicho Centro de Bioqu\u00edmicos, acerca de la suba de precios, escasez de insumos y desactualizaci\u00f3n de honorarios, toda una crisis que golpea a los bioqu\u00edmicos, el titular de Laboratorios Gavarrino en Necochea no descart\u00f3 que a la brevedad entre en vigencia un cobro a los pacientes de recomposici\u00f3n de tres mil pesos, hasta tanto se actualicen el valor de las prestaciones.<\/p>\n<p>Gavarrino argument\u00f3 en primer t\u00e9rmino que \u201cla situaci\u00f3n de crisis es conocida por todo el mundo en el \u00e1rea de Salud y principalmente en quienes consumen gran volumen de insumos como son los laboratorios\u2026 insumos que en su amplia mayor\u00eda son importados, son de baja cantidad los de producci\u00f3n nacional\u201d.<\/p>\n<p>En ese contexto, \u201cpor supuesto que esta \u00faltima devaluaci\u00f3n influye, y si bien los insumos se manejan mucho m\u00e1s por el D\u00f3lar Blue que por el oficial, cuando deval\u00faan el oficial igual aplican los aumentos e impacta much\u00edsimo en la ecuaci\u00f3n de costo beneficio del laboratorio\u201d.<\/p>\n<p>Entonces, m\u00e1s all\u00e1 de que \u201cnosotros tenemos un gran acompa\u00f1amiento de la poblaci\u00f3n, lo cual agradecemos y nos sentimos honrados y orgullosos de ello, definitivamente somos parte de esa situaci\u00f3n donde uno tiene que hacer malabarismo para que no falten reactivos y los repuestos de los equipos que en su mayor\u00eda son importados, sigan estando\u201d, manifest\u00f3.<\/p>\n<p>Acto seguido, Gavarrino confirm\u00f3 que \u201cese Centro de Bioqu\u00edmicos nuclea a los laboratorios que van desde Dolores a Balcarce, San Cayetano y hacia la costa, nos representa en la facturaci\u00f3n y es el que pone luces de alarma cuando la situaci\u00f3n se pone dif\u00edcil, como en este caso\u201d.<\/p>\n<p>\u00bfPero en Necochea se est\u00e1 aplicando este bono extra, aparte de la obra social y el arancel en s\u00ed, o se podr\u00eda aplicar? A ello, Gavarrino contest\u00f3 que \u201cno lo estamos aplicando, ma\u00f1ana (por este mi\u00e9rcoles 30) hay una reuni\u00f3n en Mar del Plata donde se va a tratar esta situaci\u00f3n, no necesariamente es que se vaya a aprobar, pero se trata de seguir la misma l\u00f3gica que plantea el gobierno, que ha dado aumentos a cuenta de los aumentos de las paritarias\u201d.<\/p>\n<p>Por consiguiente, \u201csi no tenemos respuesta de las obras sociales vinculadas al Estado, como IOMA o PAMI, no nos quedar\u00e1 otra que tomar esta actitud, gravar al afiliado y que eso despu\u00e9s est\u00e9 a cuenta de los aumentos futuros. No es una situaci\u00f3n c\u00f3moda ni agradable, pero la conducci\u00f3n pol\u00edtica plantea estas reglas de juego, no es que lo inventemos nosotros\u201d, concluy\u00f3.<\/p>\n","protected":false},"excerpt":{"rendered":"<p>Esta medida ser\u00e1 tratada por el Centro de Bioqu\u00edmicos 9\u00ba que nuclea entre otros, a los laboratorios de Necochea, y al respeto se explay\u00f3 el bioqu\u00edmoco local, Flavio Gavarrino, durante una nota realizada por el periodista Jorge G\u00f3mez en \u201cVoces de la Ciudad\u201d. Luego del art\u00edculo que dio a conocer dicho Centro de Bioqu\u00edmicos, acerca [&hellip;]<\/p>\n","protected":false},"author":3,"featured_media":103242,"comment_status":"open","ping_status":"open","sticky":false,"template":"","format":"standard","meta":{"footnotes":""},"categories":[3],"tags":[],"class_list":["post-103239","post","type-post","status-publish","format-standard","has-post-thumbnail","category-masnoticias"],"_links":{"self":[{"href":"https:\/\/primicias2262.com\/noticias\/wp-json\/wp\/v2\/posts\/103239","targetHints":{"allow":["GET"]}}],"collection":[{"href":"https:\/\/primicias2262.com\/noticias\/wp-json\/wp\/v2\/posts"}],"about":[{"href":"https:\/\/primicias2262.com\/noticias\/wp-json\/wp\/v2\/types\/post"}],"author":[{"embeddable":true,"href":"https:\/\/primicias2262.com\/noticias\/wp-json\/wp\/v2\/users\/3"}],"replies":[{"embeddable":true,"href":"https:\/\/primicias2262.com\/noticias\/wp-json\/wp\/v2\/comments?post=103239"}],"version-history":[{"count":2,"href":"https:\/\/primicias2262.com\/noticias\/wp-json\/wp\/v2\/posts\/103239\/revisions"}],"predecessor-version":[{"id":103292,"href":"https:\/\/primicias2262.com\/noticias\/wp-json\/wp\/v2\/posts\/103239\/revisions\/103292"}],"wp:featuredmedia":[{"embeddable":true,"href":"https:\/\/primicias2262.com\/noticias\/wp-json\/wp\/v2\/media\/103242"}],"wp:attachment":[{"href":"https:\/\/primicias2262.com\/noticias\/wp-json\/wp\/v2\/media?parent=103239"}],"wp:term":[{"taxonomy":"category","embeddable":true,"href":"https:\/\/primicias2262.com\/noticias\/wp-json\/wp\/v2\/categories?post=103239"},{"taxonomy":"post_tag","embeddable":true,"href":"https:\/\/primicias2262.com\/noticias\/wp-json\/wp\/v2\/tags?post=103239"}],"curies":[{"name":"wp","href":"https:\/\/api.w.org\/{rel}","templated":true}]}}