{"id":103245,"date":"2023-08-30T11:42:48","date_gmt":"2023-08-30T11:42:48","guid":{"rendered":"https:\/\/primicias2262.com\/noticias\/?p=103245"},"modified":"2023-08-31T11:57:56","modified_gmt":"2023-08-31T11:57:56","slug":"hasta-el-7-de-diciembre-se-prorrogo-la-moratoria-municipal","status":"publish","type":"post","link":"https:\/\/primicias2262.com\/noticias\/hasta-el-7-de-diciembre-se-prorrogo-la-moratoria-municipal\/","title":{"rendered":"Hasta el 7 de diciembre se prorrog\u00f3 la moratoria municipal"},"content":{"rendered":"<p><strong>Lo contempla el decreto N\u00ba 2911\/23 por el cual se informa la extensi\u00f3n de este beneficio hasta pocos d\u00edas antes de la asunci\u00f3n de quienes ser\u00e1n electos en el comicio general del 22 de octubre. La norma permite a los contribuyentes acceder al plan de regularizaci\u00f3n tributaria comunal -estando al d\u00eda con las tasas, derechos y permisos del corriente 2023, o sea hasta agosto- para a los contribuyentes que observen deudas por este sentido al 31 de diciembre de 2022.<\/strong><\/p>\n<p><strong>Por Jorge G\u00f3mez<\/strong><\/p>\n<p>Con las firmas del intendente, doctor Arturo Rojas, y de la secretaria de Hacienda y Finanzas P\u00fablicas, contadora Graciela Mamelucco, se conocieron los alcances del decreto N\u00ba 2911\/23 por el cual se inform\u00f3 sobre la pr\u00f3rroga y por lo tanto la vigencia del denominado \u201cr\u00e9gimen de recuperaci\u00f3n de deudas y r\u00e9gimen de facilidades de pago\u201d para los contribuyentes morosos con la Municipalidad de Necochea, por deudas observadas en tasas, derechos y permisos hasta el 31 de diciembre de 2022.<\/p>\n<p>Entre las particularidades de la citada pr\u00f3rroga se establece que s\u00f3lo podr\u00e1n acceder a esta moratoria los que hayan cumplido con las obligaciones fiscales municipales de 2023, o sea que est\u00e9n al d\u00eda con el pago de los compromisos del presente ejercicio, incluyendo el presente mes de agosto.<\/p>\n<p>La posibilidad de extender este beneficio lo prev\u00e9 la ordenanza aprobada oportunamente por el Concejo Deliberante en el art\u00edculo 20\u00ba que \u201cfaculta al Departamento Ejecutivo a prorrogar la vigencia\u201d de este plan, \u201ccomo as\u00ed tambi\u00e9n -se a\u00f1ade- a modificar y\/o ampliar los conceptos, los per\u00edodos exigibles y los requisitos para tal acogimiento\u201d.<\/p>\n","protected":false},"excerpt":{"rendered":"<p>Lo contempla el decreto N\u00ba 2911\/23 por el cual se informa la extensi\u00f3n de este beneficio hasta pocos d\u00edas antes de la asunci\u00f3n de quienes ser\u00e1n electos en el comicio general del 22 de octubre. La norma permite a los contribuyentes acceder al plan de regularizaci\u00f3n tributaria comunal -estando al d\u00eda con las tasas, derechos [&hellip;]<\/p>\n","protected":false},"author":3,"featured_media":103246,"comment_status":"open","ping_status":"open","sticky":false,"template":"","format":"standard","meta":{"footnotes":""},"categories":[3],"tags":[],"class_list":["post-103245","post","type-post","status-publish","format-standard","has-post-thumbnail","category-masnoticias"],"_links":{"self":[{"href":"https:\/\/primicias2262.com\/noticias\/wp-json\/wp\/v2\/posts\/103245","targetHints":{"allow":["GET"]}}],"collection":[{"href":"https:\/\/primicias2262.com\/noticias\/wp-json\/wp\/v2\/posts"}],"about":[{"href":"https:\/\/primicias2262.com\/noticias\/wp-json\/wp\/v2\/types\/post"}],"author":[{"embeddable":true,"href":"https:\/\/primicias2262.com\/noticias\/wp-json\/wp\/v2\/users\/3"}],"replies":[{"embeddable":true,"href":"https:\/\/primicias2262.com\/noticias\/wp-json\/wp\/v2\/comments?post=103245"}],"version-history":[{"count":1,"href":"https:\/\/primicias2262.com\/noticias\/wp-json\/wp\/v2\/posts\/103245\/revisions"}],"predecessor-version":[{"id":103247,"href":"https:\/\/primicias2262.com\/noticias\/wp-json\/wp\/v2\/posts\/103245\/revisions\/103247"}],"wp:featuredmedia":[{"embeddable":true,"href":"https:\/\/primicias2262.com\/noticias\/wp-json\/wp\/v2\/media\/103246"}],"wp:attachment":[{"href":"https:\/\/primicias2262.com\/noticias\/wp-json\/wp\/v2\/media?parent=103245"}],"wp:term":[{"taxonomy":"category","embeddable":true,"href":"https:\/\/primicias2262.com\/noticias\/wp-json\/wp\/v2\/categories?post=103245"},{"taxonomy":"post_tag","embeddable":true,"href":"https:\/\/primicias2262.com\/noticias\/wp-json\/wp\/v2\/tags?post=103245"}],"curies":[{"name":"wp","href":"https:\/\/api.w.org\/{rel}","templated":true}]}}