{"id":103265,"date":"2023-08-30T12:22:05","date_gmt":"2023-08-30T12:22:05","guid":{"rendered":"https:\/\/primicias2262.com\/noticias\/?p=103265"},"modified":"2023-08-30T12:22:05","modified_gmt":"2023-08-30T12:22:05","slug":"bullrich-anticipo-en-rosario-su-plan-de-seguridad-baja-de-imputabilidad-y-despliegue-de-5-000-efectivos","status":"publish","type":"post","link":"https:\/\/primicias2262.com\/noticias\/bullrich-anticipo-en-rosario-su-plan-de-seguridad-baja-de-imputabilidad-y-despliegue-de-5-000-efectivos\/","title":{"rendered":"Bullrich anticip\u00f3 en Rosario su plan de Seguridad: baja de imputabilidad y despliegue de 5.000 efectivos"},"content":{"rendered":"<p>La candidata a presidenta de Juntos por el Cambio,<strong> Patricia Bullrich, <\/strong>llev\u00f3 hoy su campa\u00f1a a<strong> Rosario,<\/strong> donde<strong> adelant\u00f3 los lineamientos de su plan de Seguridad,<\/strong>que incluye baja de la imputabilidad, c\u00e1rcel de alta seguridad sin contacto con el exterior y despliegue de 5.000 efectivos.<\/p>\n<p><strong>\u00abEl 10 de diciembre aqu\u00ed y en Santa Fe, junto al gobernador (por el actual candidato Maximiliano Pullaro), vamos a desplegar 5.000 efectivos federales para controlar los movimientos de todas las bandas (narcos)<\/strong>, una por una. Pondremos en marcha el Comit\u00e9 de Emergencia. No hay una banda que no sepamos d\u00f3nde est\u00e1 instalada. Si no se hace inteligencia criminal, aqu\u00ed es porque no se quiere\u00bb, sostuvo Bullrich.<\/p>\n<p>Luego, en conferencia de prensa junto a su aspirante a vicepresidente, Luis Petri; Pullaro; el intendente de Rosario, Pablo Javkin; y Nestor Roncaglia, ex jefe de la Polic\u00eda Federal, se explay\u00f3 sobre su plan de seguridad.<\/p>\n<p>\u00abVamos a trabajar para proteger a los j\u00f3venes, pero necesitamos protegerlos de dos maneras: proteger a los j\u00f3venes que entran al consumo y para eso necesitamos acci\u00f3n social, salud y lugares donde puedan estar; pero tambi\u00e9n vamos a bajar la edad de imputabilidad para aquellos que asesinan y matan gente, porque aquel que asesina no puede volver a su casa como si nada pasara\u00bb, remarc\u00f3.<\/p>\n<p>Al mismo tiempo, agreg\u00f3:<strong> \u00abConstruiremos, junto al sistema federal y el sistema provincial, una c\u00e1rcel de alta seguridad en zonas alejadas para narcotraficantes y delincuentes que han sido part\u00edcipes del narcotr\u00e1fico,<\/strong> porque tambi\u00e9n est\u00e1n los que lavan la plata, los que generan las condiciones para que el narcotr\u00e1fico se instale en una ciudad tan importante para el pa\u00eds como es Rosario\u00bb.<\/p>\n<p>\u00abEstas instalaciones carcelarias no van a tener ning\u00fan tipo de control externo, no van a poder tener ni comunicaciones, ni internet, ni ninguna posibilidad de que sean centros de delito\u00bb, subray\u00f3 Bullrich.<\/p>\n<p>\u00abEs necesario rodear ese 12% de la ciudad de Rosario donde se cometen los cr\u00edmenes. Necesitamos generar un cord\u00f3n de seguridad para todos los rosarinos e ir cerr\u00e1ndoles el camino a los que andan armados en motos, matando gente como si fuese una cacer\u00eda por las calles\u00bb, precis\u00f3 la ex ministra de Seguridad.<\/p>\n<p>Y agreg\u00f3: \u00ab<strong>Vamos a trabajar para ir a buscar a todos y cada uno de los pr\u00f3fugos del narcotr\u00e1fico, aqu\u00ed y en todo el pa\u00eds.<\/strong> Hay 45 mil pr\u00f3fugos. Nosotros hab\u00edamos rescatado 10 mil pr\u00f3fugos y vuelto a la c\u00e1rcel. Ahora los dejaron de nuevo liberados\u00bb.<\/p>\n<p>La candidata a presidenta, quien tras las PASO busca asegurarse un lugar en un posible balotaje, tambi\u00e9n recorri\u00f3 la peatonal de la ciudad santafesina y di\u00e1logo con vecinos y comerciantes.<\/p>\n","protected":false},"excerpt":{"rendered":"<p>La candidata a presidenta de Juntos por el Cambio, Patricia Bullrich, llev\u00f3 hoy su campa\u00f1a a Rosario, donde adelant\u00f3 los lineamientos de su plan de Seguridad,que incluye baja de la imputabilidad, c\u00e1rcel de alta seguridad sin contacto con el exterior y despliegue de 5.000 efectivos. \u00abEl 10 de diciembre aqu\u00ed y en Santa Fe, junto [&hellip;]<\/p>\n","protected":false},"author":3,"featured_media":103266,"comment_status":"open","ping_status":"open","sticky":false,"template":"","format":"standard","meta":{"footnotes":""},"categories":[7],"tags":[],"class_list":{"0":"post-103265","1":"post","2":"type-post","3":"status-publish","4":"format-standard","5":"has-post-thumbnail","7":"category-nac"},"_links":{"self":[{"href":"https:\/\/primicias2262.com\/noticias\/wp-json\/wp\/v2\/posts\/103265","targetHints":{"allow":["GET"]}}],"collection":[{"href":"https:\/\/primicias2262.com\/noticias\/wp-json\/wp\/v2\/posts"}],"about":[{"href":"https:\/\/primicias2262.com\/noticias\/wp-json\/wp\/v2\/types\/post"}],"author":[{"embeddable":true,"href":"https:\/\/primicias2262.com\/noticias\/wp-json\/wp\/v2\/users\/3"}],"replies":[{"embeddable":true,"href":"https:\/\/primicias2262.com\/noticias\/wp-json\/wp\/v2\/comments?post=103265"}],"version-history":[{"count":1,"href":"https:\/\/primicias2262.com\/noticias\/wp-json\/wp\/v2\/posts\/103265\/revisions"}],"predecessor-version":[{"id":103267,"href":"https:\/\/primicias2262.com\/noticias\/wp-json\/wp\/v2\/posts\/103265\/revisions\/103267"}],"wp:featuredmedia":[{"embeddable":true,"href":"https:\/\/primicias2262.com\/noticias\/wp-json\/wp\/v2\/media\/103266"}],"wp:attachment":[{"href":"https:\/\/primicias2262.com\/noticias\/wp-json\/wp\/v2\/media?parent=103265"}],"wp:term":[{"taxonomy":"category","embeddable":true,"href":"https:\/\/primicias2262.com\/noticias\/wp-json\/wp\/v2\/categories?post=103265"},{"taxonomy":"post_tag","embeddable":true,"href":"https:\/\/primicias2262.com\/noticias\/wp-json\/wp\/v2\/tags?post=103265"}],"curies":[{"name":"wp","href":"https:\/\/api.w.org\/{rel}","templated":true}]}}