{"id":103274,"date":"2023-08-30T12:36:24","date_gmt":"2023-08-30T12:36:24","guid":{"rendered":"https:\/\/primicias2262.com\/noticias\/?p=103274"},"modified":"2023-08-30T12:41:46","modified_gmt":"2023-08-30T12:41:46","slug":"el-yanqui-lopez-participo-del-encuentro-entre-el-gobernador-axel-kicillof-y-juan-grabois","status":"publish","type":"post","link":"https:\/\/primicias2262.com\/noticias\/el-yanqui-lopez-participo-del-encuentro-entre-el-gobernador-axel-kicillof-y-juan-grabois\/","title":{"rendered":"El \u201cYanqui\u201d L\u00f3pez particip\u00f3 del encuentro entre el gobernador Axel Kicillof y Juan Grabois"},"content":{"rendered":"<p><strong>El necochense Daniel \u00abYanqui\u00bb L\u00f3pez, quien fuera precandidato a intendente en las \u00faltimas elecciones PASO por Uni\u00f3n por la Patria, y en interna con Mauro Vel\u00e1zquez y el ganador de la misma, Marcelo Rivero, particip\u00f3 del encuentro entre el gobernador de la provincia de Buenos Aires, Axel Kicillof y el dirigente del MTE y de Patria Grande, Juan Grabois, quien compiti\u00f3 en la interna presidencial con Sergio Massa.<\/strong><\/p>\n<p><a href=\"https:\/\/primicias2262.com\/noticias\/wp-content\/uploads\/2023\/08\/kicillof-grabois-yanqui.jpg\"><img loading=\"lazy\" decoding=\"async\" class=\"aligncenter size-full wp-image-103275\" src=\"https:\/\/primicias2262.com\/noticias\/wp-content\/uploads\/2023\/08\/kicillof-grabois-yanqui.jpg\" alt=\"\" width=\"679\" height=\"453\" srcset=\"https:\/\/primicias2262.com\/noticias\/wp-content\/uploads\/2023\/08\/kicillof-grabois-yanqui.jpg 679w, https:\/\/primicias2262.com\/noticias\/wp-content\/uploads\/2023\/08\/kicillof-grabois-yanqui-300x200.jpg 300w, https:\/\/primicias2262.com\/noticias\/wp-content\/uploads\/2023\/08\/kicillof-grabois-yanqui-150x100.jpg 150w\" sizes=\"auto, (max-width: 679px) 100vw, 679px\" \/><\/a>La reuni\u00f3n tuvo lugar en la gobernaci\u00f3n y permiti\u00f3 dar forma a la estrategia electoral del oficialismo en el segundo tramo de la campa\u00f1a camino a las elecciones generales del 22 de octubre. Adem\u00e1s, tuvo como eje el an\u00e1lisis de la coyuntura nacional y la t\u00e1ctica necesaria para achicar la diferencia a nivel nacional que aventaj\u00f3 a <strong>La Libertad Avanza<\/strong> y a <strong>Juntos por el Cambio<\/strong> por sobre el exFrente de Todos.<\/p>\n<p>\u201cNos reunimos con Juan Grabois y referentes de Patria Grande para<strong> planificar acciones en el marco de la campa\u00f1a electoral<\/strong>\u201d, public\u00f3 al t\u00e9rmino Kicillof, a trav\u00e9s sus redes sociales, y revel\u00f3: \u00abConversamos sobre la responsabilidad hist\u00f3rica de frenar los proyectos que buscan quitar derechos, sobre la perspectiva de un desarrollo humano integral y <strong>la agenda de tierra, techo y trabajo\u201d.<\/strong><\/p>\n","protected":false},"excerpt":{"rendered":"<p>El necochense Daniel \u00abYanqui\u00bb L\u00f3pez, quien fuera precandidato a intendente en las \u00faltimas elecciones PASO por Uni\u00f3n por la Patria, y en interna con Mauro Vel\u00e1zquez y el ganador de la misma, Marcelo Rivero, particip\u00f3 del encuentro entre el gobernador de la provincia de Buenos Aires, Axel Kicillof y el dirigente del MTE y de [&hellip;]<\/p>\n","protected":false},"author":3,"featured_media":103275,"comment_status":"open","ping_status":"open","sticky":false,"template":"","format":"standard","meta":{"footnotes":""},"categories":[3],"tags":[],"class_list":["post-103274","post","type-post","status-publish","format-standard","has-post-thumbnail","category-masnoticias"],"_links":{"self":[{"href":"https:\/\/primicias2262.com\/noticias\/wp-json\/wp\/v2\/posts\/103274","targetHints":{"allow":["GET"]}}],"collection":[{"href":"https:\/\/primicias2262.com\/noticias\/wp-json\/wp\/v2\/posts"}],"about":[{"href":"https:\/\/primicias2262.com\/noticias\/wp-json\/wp\/v2\/types\/post"}],"author":[{"embeddable":true,"href":"https:\/\/primicias2262.com\/noticias\/wp-json\/wp\/v2\/users\/3"}],"replies":[{"embeddable":true,"href":"https:\/\/primicias2262.com\/noticias\/wp-json\/wp\/v2\/comments?post=103274"}],"version-history":[{"count":2,"href":"https:\/\/primicias2262.com\/noticias\/wp-json\/wp\/v2\/posts\/103274\/revisions"}],"predecessor-version":[{"id":103279,"href":"https:\/\/primicias2262.com\/noticias\/wp-json\/wp\/v2\/posts\/103274\/revisions\/103279"}],"wp:featuredmedia":[{"embeddable":true,"href":"https:\/\/primicias2262.com\/noticias\/wp-json\/wp\/v2\/media\/103275"}],"wp:attachment":[{"href":"https:\/\/primicias2262.com\/noticias\/wp-json\/wp\/v2\/media?parent=103274"}],"wp:term":[{"taxonomy":"category","embeddable":true,"href":"https:\/\/primicias2262.com\/noticias\/wp-json\/wp\/v2\/categories?post=103274"},{"taxonomy":"post_tag","embeddable":true,"href":"https:\/\/primicias2262.com\/noticias\/wp-json\/wp\/v2\/tags?post=103274"}],"curies":[{"name":"wp","href":"https:\/\/api.w.org\/{rel}","templated":true}]}}