{"id":103280,"date":"2023-08-31T11:56:25","date_gmt":"2023-08-31T11:56:25","guid":{"rendered":"https:\/\/primicias2262.com\/noticias\/?p=103280"},"modified":"2023-09-01T12:36:22","modified_gmt":"2023-09-01T12:36:22","slug":"este-viernes-todos-los-gremios-vamos-a-tomar-la-decision-de-ampliar-el-paro-por-24-horas","status":"publish","type":"post","link":"https:\/\/primicias2262.com\/noticias\/este-viernes-todos-los-gremios-vamos-a-tomar-la-decision-de-ampliar-el-paro-por-24-horas\/","title":{"rendered":"\u201cEste viernes todos los gremios vamos a tomar la decisi\u00f3n de ampliar el paro por 24 horas\u201d"},"content":{"rendered":"<p><strong>As\u00ed lo afirm\u00f3 el gremialista de Puerto Quequ\u00e9n, Daniel Monjes, dando cuenta de que se ampliar\u00eda la medida de fuerza de los sindicatos que hasta ahora vienen implementando paros parciales ante la falta de respuesta del Consorcio de Puerto Quequ\u00e9n y el gobierno de Axel Kicillof.<\/strong><\/p>\n<p>En \u201cVoces de la Ciudad\u201d, ante la consulta del periodista Jorge G\u00f3mez, Monjes se\u00f1al\u00f3 que se mantienen de paro de 10 a 13 y luego por la tarde, pero esto podr\u00eda modificarse en las pr\u00f3ximas horas.<\/p>\n<p>\u201cEl paro sigue, vamos a tener reuni\u00f3n de comisi\u00f3n directiva, asamblea con la gente y este viernes por la ma\u00f1ana reuni\u00f3n con todos los sindicatos, donde vamos a tomar la decisi\u00f3n de ampliar el paro por 24 horas\u2026 lo vamos a decidir en esa mesa todos los gremios\u201d, anticip\u00f3 ante la consulta del caso.<\/p>\n<p>As\u00ed seguir\u00e1n con las medidas hasta no encontrar soluci\u00f3n en ambos temas: el pedido al gobernador Axel Kicillof para que la representaci\u00f3n de las bancas del Consorcio de Gesti\u00f3n de Puerto Quequ\u00e9n correspondan a gremios portuarios con asiento en Quequ\u00e9n y que tengan competencia en el puerto; y el avance concreto hacia un nuevo llamado a licitaci\u00f3n de los elevadores de Terminal Quequ\u00e9n, que tiene en situaci\u00f3n de incertidumbre a m\u00e1s de 200 trabajadores.<\/p>\n<p>\u201cNo ha llamado nadie, ni del Ministerio de Producci\u00f3n, Gobernaci\u00f3n o Puerto\u2026 a lo mejor todav\u00eda no se han enterado\u201d, se\u00f1al\u00f3 Monjes, para contextualizar que \u201cya dos buques se fueron a Bah\u00eda Blanca, eso significa mucha mano de obra perdida para Necochea y Quequ\u00e9n y se est\u00e1 afectando el puerto por el capricho de estos se\u00f1ores que ni siquiera quieren sentarse a conversar con los trabajadores\u201d.<\/p>\n","protected":false},"excerpt":{"rendered":"<p>As\u00ed lo afirm\u00f3 el gremialista de Puerto Quequ\u00e9n, Daniel Monjes, dando cuenta de que se ampliar\u00eda la medida de fuerza de los sindicatos que hasta ahora vienen implementando paros parciales ante la falta de respuesta del Consorcio de Puerto Quequ\u00e9n y el gobierno de Axel Kicillof. En \u201cVoces de la Ciudad\u201d, ante la consulta del [&hellip;]<\/p>\n","protected":false},"author":3,"featured_media":103281,"comment_status":"open","ping_status":"open","sticky":false,"template":"","format":"standard","meta":{"footnotes":""},"categories":[3],"tags":[],"class_list":["post-103280","post","type-post","status-publish","format-standard","has-post-thumbnail","category-masnoticias"],"_links":{"self":[{"href":"https:\/\/primicias2262.com\/noticias\/wp-json\/wp\/v2\/posts\/103280","targetHints":{"allow":["GET"]}}],"collection":[{"href":"https:\/\/primicias2262.com\/noticias\/wp-json\/wp\/v2\/posts"}],"about":[{"href":"https:\/\/primicias2262.com\/noticias\/wp-json\/wp\/v2\/types\/post"}],"author":[{"embeddable":true,"href":"https:\/\/primicias2262.com\/noticias\/wp-json\/wp\/v2\/users\/3"}],"replies":[{"embeddable":true,"href":"https:\/\/primicias2262.com\/noticias\/wp-json\/wp\/v2\/comments?post=103280"}],"version-history":[{"count":3,"href":"https:\/\/primicias2262.com\/noticias\/wp-json\/wp\/v2\/posts\/103280\/revisions"}],"predecessor-version":[{"id":103332,"href":"https:\/\/primicias2262.com\/noticias\/wp-json\/wp\/v2\/posts\/103280\/revisions\/103332"}],"wp:featuredmedia":[{"embeddable":true,"href":"https:\/\/primicias2262.com\/noticias\/wp-json\/wp\/v2\/media\/103281"}],"wp:attachment":[{"href":"https:\/\/primicias2262.com\/noticias\/wp-json\/wp\/v2\/media?parent=103280"}],"wp:term":[{"taxonomy":"category","embeddable":true,"href":"https:\/\/primicias2262.com\/noticias\/wp-json\/wp\/v2\/categories?post=103280"},{"taxonomy":"post_tag","embeddable":true,"href":"https:\/\/primicias2262.com\/noticias\/wp-json\/wp\/v2\/tags?post=103280"}],"curies":[{"name":"wp","href":"https:\/\/api.w.org\/{rel}","templated":true}]}}