{"id":103284,"date":"2023-08-31T11:55:55","date_gmt":"2023-08-31T11:55:55","guid":{"rendered":"https:\/\/primicias2262.com\/noticias\/?p=103284"},"modified":"2023-09-01T12:34:11","modified_gmt":"2023-09-01T12:34:11","slug":"que-te-indiquen-que-tenes-que-pagar-un-bono-de-60-mil-pesos-es-seguir-haciendo-politica-solidaria-con-la-plata-de-otro","status":"publish","type":"post","link":"https:\/\/primicias2262.com\/noticias\/que-te-indiquen-que-tenes-que-pagar-un-bono-de-60-mil-pesos-es-seguir-haciendo-politica-solidaria-con-la-plata-de-otro\/","title":{"rendered":"\u201cQue te indiquen que ten\u00e9s que pagar un bono de 60 mil pesos es seguir haciendo pol\u00edtica solidaria con la plata de otro\u201d"},"content":{"rendered":"<p><strong>As\u00ed lo enfatiz\u00f3 el presidente de la C\u00e1mara Comercial, Mariano Gonz\u00e1lez, quien en \u201cVoces de la Ciudad\u201d se explay\u00f3 sobre la dura situaci\u00f3n econ\u00f3mica financiera y la imposibilidad de pagar el bono de 60 mil pesos anunciado por el gobierno nacional, que le indica al mundo del privado que debe abonar esa cifra a sus empleados, e incluso, se anunci\u00f3 que habr\u00e1 multas a las empresas o negocios que no paguen el bono\u201d.<\/strong><\/p>\n<p>Tras esa medida, Gonz\u00e1lez defini\u00f3 en nota con el periodista Jorge G\u00f3mez que \u201csi ven\u00edamos complicados, con esto estamos m\u00e1s complicados\u2026 es seguir haciendo pol\u00edtica solidaria con la plata de otro, estamos todos despelotados y sin un rumbo\u201d.<\/p>\n<p>Con tono de indignaci\u00f3n, se\u00f1al\u00f3 que \u201cte atras\u00e1s un d\u00eda en pagar AFIP, por ejemplo, y te embargan la cuenta al otro d\u00eda\u2026 para eso hay una velocidad y una eficacia incre\u00edble\u201d, y manifest\u00f3 que \u201cel problema es que si nosotros\u00a0 decimos que no pagamos autom\u00e1ticamente va a llegar la multa, entonces lo que va a pasar es que los empleadores que puedan pagarlo lo van a hacer y despu\u00e9s se ver\u00e1 c\u00f3mo pueden cobrarlo, y el que no, no lo va a pagar al bono, y se pondr\u00e1 de acuerdo con su empleado\u201d.<\/p>\n<p><a href=\"https:\/\/primicias2262.com\/noticias\/wp-content\/uploads\/2023\/08\/Mariano-Gonzalez-comercio.jpeg\"><img loading=\"lazy\" decoding=\"async\" class=\"aligncenter size-full wp-image-103287\" src=\"https:\/\/primicias2262.com\/noticias\/wp-content\/uploads\/2023\/08\/Mariano-Gonzalez-comercio.jpeg\" alt=\"\" width=\"1024\" height=\"768\" srcset=\"https:\/\/primicias2262.com\/noticias\/wp-content\/uploads\/2023\/08\/Mariano-Gonzalez-comercio.jpeg 1024w, https:\/\/primicias2262.com\/noticias\/wp-content\/uploads\/2023\/08\/Mariano-Gonzalez-comercio-300x225.jpeg 300w, https:\/\/primicias2262.com\/noticias\/wp-content\/uploads\/2023\/08\/Mariano-Gonzalez-comercio-768x576.jpeg 768w, https:\/\/primicias2262.com\/noticias\/wp-content\/uploads\/2023\/08\/Mariano-Gonzalez-comercio-150x113.jpeg 150w, https:\/\/primicias2262.com\/noticias\/wp-content\/uploads\/2023\/08\/Mariano-Gonzalez-comercio-696x522.jpeg 696w\" sizes=\"auto, (max-width: 1024px) 100vw, 1024px\" \/><\/a>\u201cHoy el 70% de los mini empresarios y comercios peque\u00f1os hacen malabares con los aportes patronales, pagan las famosas cargas sociales y se meten a moratorias para hacerlo\u201d, acot\u00f3 el comerciante como aliciente, por ello, \u201cest\u00e1 complicado el tema y yo creo que habr\u00eda que esperar\u201d.<\/p>\n<p>Incluso, indic\u00f3 que \u201cla C\u00e1mara Argentina de Comercio dice que es un disparate que alguien se meta a las paritarias del sector, habr\u00eda que hacerlo en forma legal y organizada, y ah\u00ed te das cuenta la pobreza pol\u00edtica que tenemos y la falta de ideas\u201d.<\/p>\n<p>Asimismo, Gonz\u00e1lez recalc\u00f3 que \u201ccon estas medidas que son todas err\u00f3neas, sigue aumentando este sistema informal que tenemos hoy, que pr\u00e1cticamente el 60% del empleo del pa\u00eds est\u00e1 en negro y el 50% de nuestra econom\u00eda va por ese sector, y eso es lo que no genera crecimiento ni nada por el estilo. Si no tomamos cartas en el asunto para ver c\u00f3mo podemos mejorar el sector productivo del pa\u00eds vamos a seguir igual, empobreciendo cada vez m\u00e1s al sector o desapareciendo\u201d.<\/p>\n<p>\u201cLa devaluaci\u00f3n no es un dato menor porque es un 25% que se perdi\u00f3 y tambi\u00e9n pierde poder adquisitivo la persona, y hay que solucionarlo y lo entiendo, pero tambi\u00e9n entiendo que con el aumento de los precios de la mercader\u00eda tambi\u00e9n se puede equiparar parte del aumento del sueldo de los empleados, pero hay que hacerla de una manera ordenada y seria, no pod\u00e9s hacerlo el mismo mes que los comercios perdieron un mont\u00f3n de dinero, y ni hablemos de los comercios que tienen cuenta corriente en la calle\u201d, finaliz\u00f3.<\/p>\n","protected":false},"excerpt":{"rendered":"<p>As\u00ed lo enfatiz\u00f3 el presidente de la C\u00e1mara Comercial, Mariano Gonz\u00e1lez, quien en \u201cVoces de la Ciudad\u201d se explay\u00f3 sobre la dura situaci\u00f3n econ\u00f3mica financiera y la imposibilidad de pagar el bono de 60 mil pesos anunciado por el gobierno nacional, que le indica al mundo del privado que debe abonar esa cifra a sus [&hellip;]<\/p>\n","protected":false},"author":3,"featured_media":102928,"comment_status":"open","ping_status":"open","sticky":false,"template":"","format":"standard","meta":{"footnotes":""},"categories":[3],"tags":[],"class_list":["post-103284","post","type-post","status-publish","format-standard","has-post-thumbnail","category-masnoticias"],"_links":{"self":[{"href":"https:\/\/primicias2262.com\/noticias\/wp-json\/wp\/v2\/posts\/103284","targetHints":{"allow":["GET"]}}],"collection":[{"href":"https:\/\/primicias2262.com\/noticias\/wp-json\/wp\/v2\/posts"}],"about":[{"href":"https:\/\/primicias2262.com\/noticias\/wp-json\/wp\/v2\/types\/post"}],"author":[{"embeddable":true,"href":"https:\/\/primicias2262.com\/noticias\/wp-json\/wp\/v2\/users\/3"}],"replies":[{"embeddable":true,"href":"https:\/\/primicias2262.com\/noticias\/wp-json\/wp\/v2\/comments?post=103284"}],"version-history":[{"count":3,"href":"https:\/\/primicias2262.com\/noticias\/wp-json\/wp\/v2\/posts\/103284\/revisions"}],"predecessor-version":[{"id":103288,"href":"https:\/\/primicias2262.com\/noticias\/wp-json\/wp\/v2\/posts\/103284\/revisions\/103288"}],"wp:featuredmedia":[{"embeddable":true,"href":"https:\/\/primicias2262.com\/noticias\/wp-json\/wp\/v2\/media\/102928"}],"wp:attachment":[{"href":"https:\/\/primicias2262.com\/noticias\/wp-json\/wp\/v2\/media?parent=103284"}],"wp:term":[{"taxonomy":"category","embeddable":true,"href":"https:\/\/primicias2262.com\/noticias\/wp-json\/wp\/v2\/categories?post=103284"},{"taxonomy":"post_tag","embeddable":true,"href":"https:\/\/primicias2262.com\/noticias\/wp-json\/wp\/v2\/tags?post=103284"}],"curies":[{"name":"wp","href":"https:\/\/api.w.org\/{rel}","templated":true}]}}