{"id":103289,"date":"2023-08-31T11:54:17","date_gmt":"2023-08-31T11:54:17","guid":{"rendered":"https:\/\/primicias2262.com\/noticias\/?p=103289"},"modified":"2023-09-01T12:28:35","modified_gmt":"2023-09-01T12:28:35","slug":"nuevo-administrador-de-la-galeria-central-estamos-unidos-con-los-propietarios-para-sacar-adelante-esto","status":"publish","type":"post","link":"https:\/\/primicias2262.com\/noticias\/nuevo-administrador-de-la-galeria-central-estamos-unidos-con-los-propietarios-para-sacar-adelante-esto\/","title":{"rendered":"Nuevo administrador de la Galer\u00eda Central: \u201cEstamos unidos con los propietarios para sacar adelante esto\u201d"},"content":{"rendered":"<p><strong>El nuevo administrador de la Galer\u00eda Central, el contador Cristian Jensen Menna, brind\u00f3 una nota telef\u00f3nica al periodista Jorge G\u00f3mez en \u201cVoces de la Ciudad\u201d, donde se\u00f1al\u00f3 que el an\u00e1lisis estructural de la parte comercial llevar\u00e1 bastante tiempo y mientras tanto intentan acelerar los primeros pasos para brindar seguridad a los propietarios de los departamentos. Asimismo, manifest\u00f3 su preocupaci\u00f3n por los comerciantes de la Galer\u00eda.<\/strong><\/p>\n<p>En primer t\u00e9rmino, Jensen Menna aclar\u00f3 que \u201cen los departamentos no hay ning\u00fan inconveniente porque tienen una estructura independiente de la galer\u00eda, de la parte comercial donde estaban las escaleras que cruzan la parte representativa de la misma, as\u00ed que tienen libre acceso los propietarios a sus departamentos. Todo lo que est\u00e1 clausurado es la parte comercial y por supuesto la cochera donde presuntamente se habr\u00eda iniciado el fuego\u201d.<\/p>\n<p>En la b\u00fasqueda de explicaciones del triste suceso a tan pocas de haber tomado la administraci\u00f3n, trat\u00f3 de esbozar que \u201cel mi\u00e9rcoles anterior fue la asamblea, pero nosotros tomamos posesi\u00f3n este \u00faltimo lunes, as\u00ed que nos agarr\u00f3 el incendio en la instancia del traspaso\u2026 es incre\u00edble, pero junto con los propietarios estamos todo el consejo de administraci\u00f3n, uniendo todos los esfuerzos para sacar adelante este mal trago\u201d.<\/p>\n<p>En cuanto a pasos a seguir, Cristian inform\u00f3 que \u201cen lo inmediato, con la colaboraci\u00f3n de algunas empresas, lo primero es hacer un cierre para aislar los ingresos de los propietarios con respecto a la galer\u00eda, por una cuesti\u00f3n de seguridad; y adem\u00e1s hacer r\u00e1pidamente un estudio estructural, es decir, no podemos empezar a limpiar la parte comercial hasta que no tengamos seguridad y certeza que no hay ning\u00fan tipo de derrumbe o desmoronamiento\u201d.<\/p>\n<p>No obstante, aclar\u00f3 que el an\u00e1lisis estructural llevar\u00e1 bastante tiempo. \u201cEl humo afect\u00f3 todo lo que era mamposter\u00eda y revoques que se desprenden y es peligroso para que alguien se lastime. Una vez que tengamos el an\u00e1lisis estructural podremos avanzar en los proyectos para ver c\u00f3mo solucionamos y revalorizamos la cuesti\u00f3n comercial de la galer\u00eda\u201d, agreg\u00f3.<\/p>\n<p>Al hablar de la Galer\u00eda como patrimonio necochense, defini\u00f3 que \u201cpor sus caracter\u00edsticas particulares lo hace un paseo de la ciudad y de los que nos visitan, y en ese punto hay un inter\u00e9s de toda la comunidad respecto de la galer\u00eda, ya que es parte de nuestra Necochea hist\u00f3rica\u201d, pero adem\u00e1s subray\u00f3 que \u201cestamos hablando de casi 50 comerciantes que trabajan ah\u00ed y tiene un efecto en la ciudad m\u00e1s all\u00e1 de lo privado\u201d.<\/p>\n<p>A prop\u00f3sito de ello, manifest\u00f3 finalmente que \u201clo de los comerciantes es muy triste y es por eso que miramos a la parte p\u00fablica y tratamos de tirar l\u00edneas para que estos comerciantes tengan una colaboraci\u00f3n y una manera de aliviarse\u201d.<\/p>\n","protected":false},"excerpt":{"rendered":"<p>El nuevo administrador de la Galer\u00eda Central, el contador Cristian Jensen Menna, brind\u00f3 una nota telef\u00f3nica al periodista Jorge G\u00f3mez en \u201cVoces de la Ciudad\u201d, donde se\u00f1al\u00f3 que el an\u00e1lisis estructural de la parte comercial llevar\u00e1 bastante tiempo y mientras tanto intentan acelerar los primeros pasos para brindar seguridad a los propietarios de los departamentos. [&hellip;]<\/p>\n","protected":false},"author":3,"featured_media":103256,"comment_status":"open","ping_status":"open","sticky":false,"template":"","format":"standard","meta":{"footnotes":""},"categories":[3],"tags":[],"class_list":["post-103289","post","type-post","status-publish","format-standard","has-post-thumbnail","category-masnoticias"],"_links":{"self":[{"href":"https:\/\/primicias2262.com\/noticias\/wp-json\/wp\/v2\/posts\/103289","targetHints":{"allow":["GET"]}}],"collection":[{"href":"https:\/\/primicias2262.com\/noticias\/wp-json\/wp\/v2\/posts"}],"about":[{"href":"https:\/\/primicias2262.com\/noticias\/wp-json\/wp\/v2\/types\/post"}],"author":[{"embeddable":true,"href":"https:\/\/primicias2262.com\/noticias\/wp-json\/wp\/v2\/users\/3"}],"replies":[{"embeddable":true,"href":"https:\/\/primicias2262.com\/noticias\/wp-json\/wp\/v2\/comments?post=103289"}],"version-history":[{"count":1,"href":"https:\/\/primicias2262.com\/noticias\/wp-json\/wp\/v2\/posts\/103289\/revisions"}],"predecessor-version":[{"id":103290,"href":"https:\/\/primicias2262.com\/noticias\/wp-json\/wp\/v2\/posts\/103289\/revisions\/103290"}],"wp:featuredmedia":[{"embeddable":true,"href":"https:\/\/primicias2262.com\/noticias\/wp-json\/wp\/v2\/media\/103256"}],"wp:attachment":[{"href":"https:\/\/primicias2262.com\/noticias\/wp-json\/wp\/v2\/media?parent=103289"}],"wp:term":[{"taxonomy":"category","embeddable":true,"href":"https:\/\/primicias2262.com\/noticias\/wp-json\/wp\/v2\/categories?post=103289"},{"taxonomy":"post_tag","embeddable":true,"href":"https:\/\/primicias2262.com\/noticias\/wp-json\/wp\/v2\/tags?post=103289"}],"curies":[{"name":"wp","href":"https:\/\/api.w.org\/{rel}","templated":true}]}}