{"id":103294,"date":"2023-08-31T12:01:41","date_gmt":"2023-08-31T12:01:41","guid":{"rendered":"https:\/\/primicias2262.com\/noticias\/?p=103294"},"modified":"2023-09-01T12:24:17","modified_gmt":"2023-09-01T12:24:17","slug":"senales-que-indican-que-el-boleto-de-micros-pasaria-de-125-a-170","status":"publish","type":"post","link":"https:\/\/primicias2262.com\/noticias\/senales-que-indican-que-el-boleto-de-micros-pasaria-de-125-a-170\/","title":{"rendered":"Se\u00f1ales que indican que el boleto de micros pasar\u00eda de $125 a $170"},"content":{"rendered":"<p><strong>M\u00e1s all\u00e1 de la carencia de datos rigurosos y firmes que sostengan este dato, trascendidos de mitad de esta semana indican, desde el Concejo Deliberante, que existir\u00eda una mayor\u00eda de ediles que habilitar\u00edan autorizar se suspenda hasta noviembre pr\u00f3ximo la realizaci\u00f3n de la audiencia p\u00fablica -paso previo a cualquier ajuste en este tema-, pero autorizando a partir de septiembre un incremento del 36% en el valor del boleto plano que cobran por el servicio del transporte urbano de pasajeros las dos empresas concesionarias en Necochea y Quequ\u00e9n<\/strong><\/p>\n<p><strong>Por Jorge G\u00f3mez<\/strong><\/p>\n<p>Pese al cerrado hermetismo que tiene el abordaje del tema, con preguntas que no reciben respuestas firmes y concretas, estar\u00edan presuntamente muy avanzadas las conversaciones en aras de contar con una mayor\u00eda para aprobar desde el Concejo Deliberante un aumento en el valor del boleto plano del transporte urbano de pasajeros en Necochea y Quequ\u00e9n, servicio que brindan la Compa\u00f1\u00eda de Transportes Necochea -micros azules- y Micro \u00d3mnibus Nueva Pompeya -micros verdes-.<\/p>\n<p>La colecta de trascendidos, que se vienen apilando desde la semana pasada, se resume en la existencia de un borrador que de mano en mano consideran por estas horas los ediles locales, <strong>previendo que del costo actual del mencionado boleto de 125 pesos se lo autorice elevarlo a 170 pesos<\/strong>, lo que significar\u00eda que se estar\u00eda ante un incremento del 36%.<\/p>\n<p>Vale consignar que el valor del citado boleto plano de micros urbanos se mantiene como tal desde inicios del corriente a\u00f1o -enero de 2023-, habiendo solicitado en mayo pasado las empresas concesionarias del servicio un aumento ante el incremento del costo de vida y de la operatividad del mismo servicio, circunstancia que se potenci\u00f3 en las \u00faltimas semanas a partir del otro importante proceso inflacionario que se observa en presente invierno y que cruza a todas las actividades de la sociedad argentina, entre ellas las del transporte urbano de pasajeros.<\/p>\n<p>Aquel borrador tendr\u00eda no m\u00e1s de cuatro art\u00edculos, se pudo resumir. Uno de ellos -podr\u00eda considerarse como el N\u00ba 1- plantear\u00eda suspender por el t\u00e9rmino de 90 d\u00edas los alcances de la ordenanza que en su momento fij\u00f3 el HCD y que dice que previamente a cualquier retoque en el valor del boleto de micros se requiere la convocatoria a audiencias p\u00fablicas para conocer la opini\u00f3n de los usuarios, un instituto que ha fracasado en todas las citas al respecto ante la ausencia -en n\u00famero de val\u00eda- de parte de los interesados.<\/p>\n<p>De avanzarse en este criterio, el texto que intenta satisfacer el reclamo empresarial fijar\u00eda una audiencia de este tenor para el 15 de noviembre pr\u00f3ximo, pese a lo cual se establecer\u00eda ahora mismo, que desde el comienzo del nuevo mes -o sea septiembre- el costo del boleto plano pase a tener un valor de 170 pesos.<\/p>\n<p>Las especulaciones consignan que existir\u00eda una mayor\u00eda para lograr que el tema salga del HCD \u201cad refer\u00e9ndum\u201d, con la r\u00fabrica de los presidentes de los diferentes bloques que componen el deliberante necochense.<\/p>\n<p>Los n\u00fameros de adeptos indicar\u00edan que existir\u00eda una mayor\u00eda que habr\u00eda dado su consentimiento para darle v\u00eda al citado aumento, lo que deber\u00eda plasmarse en la firma del respectivo decreto, expediente que se elevar\u00eda acto seguido al Departamento Ejecutivo para su posterior homologaci\u00f3n, para posteriormente informarse del cambio al Ministerio de Transporte de la Naci\u00f3n, instituci\u00f3n que proceder\u00eda a actualizar el tema dada la vigencia y la aplicaci\u00f3n del sistema SUBE en las unidades de micros locales.<\/p>\n<p>Otro apunte paralelo prev\u00e9 que, de no existir una supuesta unanimidad o mayor\u00eda, el expediente que se reitera se mueve de mano en mano en el Concejo local ser\u00eda incorporado para tratamiento en la pr\u00f3xima sesi\u00f3n ordinaria que tiene fecha prevista de realizaci\u00f3n el venidero jueves 7 de septiembre, con la posible presencia en la sala del HCD de los choferes afiliados a la UTA, trabajadores que tienen a su cargo la conducci\u00f3n de las unidades y que siguen bien de cerca la evoluci\u00f3n de este asunto.<\/p>\n","protected":false},"excerpt":{"rendered":"<p>M\u00e1s all\u00e1 de la carencia de datos rigurosos y firmes que sostengan este dato, trascendidos de mitad de esta semana indican, desde el Concejo Deliberante, que existir\u00eda una mayor\u00eda de ediles que habilitar\u00edan autorizar se suspenda hasta noviembre pr\u00f3ximo la realizaci\u00f3n de la audiencia p\u00fablica -paso previo a cualquier ajuste en este tema-, pero autorizando [&hellip;]<\/p>\n","protected":false},"author":3,"featured_media":101662,"comment_status":"open","ping_status":"open","sticky":false,"template":"","format":"standard","meta":{"footnotes":""},"categories":[3],"tags":[],"class_list":["post-103294","post","type-post","status-publish","format-standard","has-post-thumbnail","category-masnoticias"],"_links":{"self":[{"href":"https:\/\/primicias2262.com\/noticias\/wp-json\/wp\/v2\/posts\/103294","targetHints":{"allow":["GET"]}}],"collection":[{"href":"https:\/\/primicias2262.com\/noticias\/wp-json\/wp\/v2\/posts"}],"about":[{"href":"https:\/\/primicias2262.com\/noticias\/wp-json\/wp\/v2\/types\/post"}],"author":[{"embeddable":true,"href":"https:\/\/primicias2262.com\/noticias\/wp-json\/wp\/v2\/users\/3"}],"replies":[{"embeddable":true,"href":"https:\/\/primicias2262.com\/noticias\/wp-json\/wp\/v2\/comments?post=103294"}],"version-history":[{"count":2,"href":"https:\/\/primicias2262.com\/noticias\/wp-json\/wp\/v2\/posts\/103294\/revisions"}],"predecessor-version":[{"id":103321,"href":"https:\/\/primicias2262.com\/noticias\/wp-json\/wp\/v2\/posts\/103294\/revisions\/103321"}],"wp:featuredmedia":[{"embeddable":true,"href":"https:\/\/primicias2262.com\/noticias\/wp-json\/wp\/v2\/media\/101662"}],"wp:attachment":[{"href":"https:\/\/primicias2262.com\/noticias\/wp-json\/wp\/v2\/media?parent=103294"}],"wp:term":[{"taxonomy":"category","embeddable":true,"href":"https:\/\/primicias2262.com\/noticias\/wp-json\/wp\/v2\/categories?post=103294"},{"taxonomy":"post_tag","embeddable":true,"href":"https:\/\/primicias2262.com\/noticias\/wp-json\/wp\/v2\/tags?post=103294"}],"curies":[{"name":"wp","href":"https:\/\/api.w.org\/{rel}","templated":true}]}}