{"id":103296,"date":"2023-08-31T12:37:40","date_gmt":"2023-08-31T12:37:40","guid":{"rendered":"https:\/\/primicias2262.com\/noticias\/?p=103296"},"modified":"2023-08-31T12:37:40","modified_gmt":"2023-08-31T12:37:40","slug":"ya-son-14-las-provincias-que-desisten-de-pagar-el-bono-de-massa","status":"publish","type":"post","link":"https:\/\/primicias2262.com\/noticias\/ya-son-14-las-provincias-que-desisten-de-pagar-el-bono-de-massa\/","title":{"rendered":"Ya son 14 las provincias que desisten de pagar el bono de Massa"},"content":{"rendered":"<p>Pese al reciente reclamo del presidente Alberto Fern\u00e1ndez para que los gobernadores hagan el esfuerzo financiero de pagar el bono a cuenta de paritarias, <strong>m\u00e1s provincias confirmaron en las \u00faltimas horas su rechazo a abonar esa suma fija y en total ya son 14<\/strong>. De esa forma, los mandatarios de m\u00e1s de la mitad de los distritos del pa\u00eds se mantienen en su postura de privilegiar las negociaciones paritarias que mantienen abiertas con los gremios de empleados p\u00fablicos.<\/p>\n<p><strong>En las \u00faltimas horas, San Juan y Chaco, gobernadas ambas por el peronismo, se sumaron a los otros doce distritos del pa\u00eds que ya hab\u00edan adelantado su negativa al bono de $60 mil en dos cuotas<\/strong> que anunci\u00f3 el domingo pasado el ministro de Econom\u00eda y candidato presidencial del oficialismo, Sergio Massa, para paliar los efectos de la devaluaci\u00f3n post elecciones primarias.<\/p>\n<p>Esta postura es compartida por la Ciudad de Buenos Aires y las provincias de Santa Fe, Misiones, C\u00f3rdoba, Jujuy, Entre R\u00edos, La Pampa, Neuqu\u00e9n, Catamarca, Tucum\u00e1n, Salta y Santa Cruz.<\/p>\n<p><strong>Hasta ahora solo confirmaron este pago cuatro provincias: Mendoza, La Rioja, Santiago del Estero y Chubut. En tanto, las seis provincias restantes est\u00e1n definiendo qu\u00e9 hacer.<\/strong><\/p>\n<p>En los recientes casos de Chaco y San Juan, para su negativa utilizaron pr\u00e1cticamente los mismos argumentos que las dem\u00e1s provincias. \u00ab(En Chaco) Se tomaron decisiones (para acompa\u00f1ar el salto inflacionario) antes de los anuncios (de Massa). Esas decisiones fueron definidas con los mismos gremios del sector p\u00fablico\u00bb detall\u00f3 el ministro de Gobierno provincial, Juan Chapo.<\/p>\n<p>En la postura contraria, Chubut fue la \u00faltima provincia en anunciar que se plegar\u00e1 al pago del bono sugerido por la Naci\u00f3n, ya que el gobernador Mariano Arcioni dispuso \u00abacompa\u00f1ar las medidas de Massa, respecto de este bono que implica dos cuotas en septiembre y octubre de $30.000 pesos\u00bb, adelant\u00f3 su ministro de Econom\u00eda, Oscar Antonena.<\/p>\n<p><strong>Pese a que la mayor\u00eda de los gobernadores considera que con sus propias paritarias est\u00e1n siguiendo de cerca la inflaci\u00f3n y recomponiendo el bolsillo de sus empleados estatales, Alberto Fern\u00e1ndez este mi\u00e9rcoles les reclam\u00f3 que abonen<\/strong> encima de los actuales acuerdos los 60 mil a cuenta de paritarias que promueve Massa para los asalariados que perciban un sueldo inferior a los $400.000 netos.<\/p>\n<p>\u00ab\u00a1No es un programa platita! Es el plan justicia, que los que m\u00e1s tienen mejor repartan. \u00a1Eso es, no es otra cosa! La verdad es que todo lo que pudimos aportar a las provincias lo hemos aportado en silencio en todos estos a\u00f1os\u00bb, dispar\u00f3 Fern\u00e1ndez.<\/p>\n<p>De todos modos<strong> se percibe poco probable que los gobernadores cambien su parecer tras las palabras del jefe de Estado y todo indica que la manera de destrabar la situaci\u00f3n ser\u00eda una negociaci\u00f3n Naci\u00f3n-provincias<\/strong> que incluya alg\u00fan giro de fondos, ya que los distritos alegan que no tienen recursos para sumar el bono a los aumentos ya comprometidos en las paritarias.<\/p>\n<p>Igualmente, <strong>esto \u00faltimo no estar\u00eda en los planes del Gobierno nacional, ya que se dej\u00f3 trascender que respetar\u00e1 la autonom\u00eda de las provincias y no se las obligar\u00e1 a pagar el bono.<\/strong> La mirada de Massa es que, en todo caso, cada gobernador que resolvi\u00f3 no acompa\u00f1ar la medida pague el costo pol\u00edtico de esa decisi\u00f3n.<\/p>\n","protected":false},"excerpt":{"rendered":"<p>Pese al reciente reclamo del presidente Alberto Fern\u00e1ndez para que los gobernadores hagan el esfuerzo financiero de pagar el bono a cuenta de paritarias, m\u00e1s provincias confirmaron en las \u00faltimas horas su rechazo a abonar esa suma fija y en total ya son 14. De esa forma, los mandatarios de m\u00e1s de la mitad de [&hellip;]<\/p>\n","protected":false},"author":3,"featured_media":102871,"comment_status":"open","ping_status":"open","sticky":false,"template":"","format":"standard","meta":{"footnotes":""},"categories":[7],"tags":[],"class_list":{"0":"post-103296","1":"post","2":"type-post","3":"status-publish","4":"format-standard","5":"has-post-thumbnail","7":"category-nac"},"_links":{"self":[{"href":"https:\/\/primicias2262.com\/noticias\/wp-json\/wp\/v2\/posts\/103296","targetHints":{"allow":["GET"]}}],"collection":[{"href":"https:\/\/primicias2262.com\/noticias\/wp-json\/wp\/v2\/posts"}],"about":[{"href":"https:\/\/primicias2262.com\/noticias\/wp-json\/wp\/v2\/types\/post"}],"author":[{"embeddable":true,"href":"https:\/\/primicias2262.com\/noticias\/wp-json\/wp\/v2\/users\/3"}],"replies":[{"embeddable":true,"href":"https:\/\/primicias2262.com\/noticias\/wp-json\/wp\/v2\/comments?post=103296"}],"version-history":[{"count":1,"href":"https:\/\/primicias2262.com\/noticias\/wp-json\/wp\/v2\/posts\/103296\/revisions"}],"predecessor-version":[{"id":103297,"href":"https:\/\/primicias2262.com\/noticias\/wp-json\/wp\/v2\/posts\/103296\/revisions\/103297"}],"wp:featuredmedia":[{"embeddable":true,"href":"https:\/\/primicias2262.com\/noticias\/wp-json\/wp\/v2\/media\/102871"}],"wp:attachment":[{"href":"https:\/\/primicias2262.com\/noticias\/wp-json\/wp\/v2\/media?parent=103296"}],"wp:term":[{"taxonomy":"category","embeddable":true,"href":"https:\/\/primicias2262.com\/noticias\/wp-json\/wp\/v2\/categories?post=103296"},{"taxonomy":"post_tag","embeddable":true,"href":"https:\/\/primicias2262.com\/noticias\/wp-json\/wp\/v2\/tags?post=103296"}],"curies":[{"name":"wp","href":"https:\/\/api.w.org\/{rel}","templated":true}]}}