{"id":103304,"date":"2023-08-31T10:43:38","date_gmt":"2023-08-31T10:43:38","guid":{"rendered":"https:\/\/primicias2262.com\/noticias\/?p=103304"},"modified":"2023-08-31T12:57:47","modified_gmt":"2023-08-31T12:57:47","slug":"hay-feriados-en-septiembre-calendario-de-dias-de-descanso","status":"publish","type":"post","link":"https:\/\/primicias2262.com\/noticias\/hay-feriados-en-septiembre-calendario-de-dias-de-descanso\/","title":{"rendered":"\u00bfHay feriados en septiembre? Calendario de d\u00edas de descanso"},"content":{"rendered":"<div class=\"itemFullText\">\n<p>El jueves\u00a0<strong>17 de agosto se conmemor\u00f3 el Paso a la Inmortalidad de Jos\u00e9 de San Mart\u00edn<\/strong>, y\u00a0seg\u00fan establece el calendario oficial de\u00a0<strong>feriados nacionales,<\/strong>\u00a0el d\u00eda de descanso\u00a0<strong>se traslad\u00f3 al lunes 21<\/strong>\u00a0del mismo mes, para formar un fin de semana largo con el objetivo de impulsar el turismo durante la temporada baja.<\/p>\n<p>A la\u00a0espera de un nuevo d\u00eda de descanso establecido por el calendario oficial, varios se preguntan si septiembre tiene feriados.<\/p>\n<h2>\u00bfHay feriados en septiembre de 2023 en Argentina?<\/h2>\n<p>De acuerdo con el calendario oficial, septiembre <strong>no tiene feriados nacionales,<\/strong> pero un grupo de argentinos\u00a0gozar\u00e1 de <strong>dos d\u00edas<\/strong> de <strong>descanso:<\/strong> el <strong>26 <\/strong>y el <strong>27 de septiembre<\/strong>, cuando se celebra el <strong>Rosh Hashan\u00e1<\/strong> o <strong>A\u00f1o Nuevo Jud\u00edo.<\/strong><\/p>\n<h2>Los pr\u00f3ximos feriados y fines de semana largo del 2023<\/h2>\n<p>Quedar\u00e1n para este a\u00f1o cinco feriados (fijos, trasladables y puentes) dispuestos en el<strong>\u00a0calendario oficial\u00a0<\/strong>para lo que resta del 2023:<\/p>\n<p><strong>Feriados trasladables<\/strong><\/p>\n<ul>\n<li>12 de octubre (D\u00eda del Respeto a la Diversidad Cultural), que se celebrar\u00e1 el lunes 16 de octubre<\/li>\n<\/ul>\n<p><strong>Puentes tur\u00edsticos<\/strong><\/p>\n<ul>\n<li>El viernes 13 de octubre (fin de semana largo, de cuatro d\u00edas, por traslado del jueves 12 de octubre -D\u00eda del Respeto a la Diversidad Cultural- al lunes 16 de octubre).<\/li>\n<\/ul>\n<p><strong>Feriados intransferibles<\/strong><\/p>\n<ul>\n<li>20 de noviembre (D\u00eda de la Soberan\u00eda Nacional)<\/li>\n<li>8 de diciembre (D\u00eda de la Inmaculada Concepci\u00f3n de Mar\u00eda)<\/li>\n<li>25 de diciembre (Navidad)<\/li>\n<\/ul>\n<\/div>\n","protected":false},"excerpt":{"rendered":"<p>El jueves\u00a017 de agosto se conmemor\u00f3 el Paso a la Inmortalidad de Jos\u00e9 de San Mart\u00edn, y\u00a0seg\u00fan establece el calendario oficial de\u00a0feriados nacionales,\u00a0el d\u00eda de descanso\u00a0se traslad\u00f3 al lunes 21\u00a0del mismo mes, para formar un fin de semana largo con el objetivo de impulsar el turismo durante la temporada baja. A la\u00a0espera de un nuevo [&hellip;]<\/p>\n","protected":false},"author":3,"featured_media":103305,"comment_status":"open","ping_status":"open","sticky":false,"template":"","format":"standard","meta":{"footnotes":""},"categories":[7],"tags":[],"class_list":{"0":"post-103304","1":"post","2":"type-post","3":"status-publish","4":"format-standard","5":"has-post-thumbnail","7":"category-nac"},"_links":{"self":[{"href":"https:\/\/primicias2262.com\/noticias\/wp-json\/wp\/v2\/posts\/103304","targetHints":{"allow":["GET"]}}],"collection":[{"href":"https:\/\/primicias2262.com\/noticias\/wp-json\/wp\/v2\/posts"}],"about":[{"href":"https:\/\/primicias2262.com\/noticias\/wp-json\/wp\/v2\/types\/post"}],"author":[{"embeddable":true,"href":"https:\/\/primicias2262.com\/noticias\/wp-json\/wp\/v2\/users\/3"}],"replies":[{"embeddable":true,"href":"https:\/\/primicias2262.com\/noticias\/wp-json\/wp\/v2\/comments?post=103304"}],"version-history":[{"count":2,"href":"https:\/\/primicias2262.com\/noticias\/wp-json\/wp\/v2\/posts\/103304\/revisions"}],"predecessor-version":[{"id":103307,"href":"https:\/\/primicias2262.com\/noticias\/wp-json\/wp\/v2\/posts\/103304\/revisions\/103307"}],"wp:featuredmedia":[{"embeddable":true,"href":"https:\/\/primicias2262.com\/noticias\/wp-json\/wp\/v2\/media\/103305"}],"wp:attachment":[{"href":"https:\/\/primicias2262.com\/noticias\/wp-json\/wp\/v2\/media?parent=103304"}],"wp:term":[{"taxonomy":"category","embeddable":true,"href":"https:\/\/primicias2262.com\/noticias\/wp-json\/wp\/v2\/categories?post=103304"},{"taxonomy":"post_tag","embeddable":true,"href":"https:\/\/primicias2262.com\/noticias\/wp-json\/wp\/v2\/tags?post=103304"}],"curies":[{"name":"wp","href":"https:\/\/api.w.org\/{rel}","templated":true}]}}