{"id":103308,"date":"2023-09-01T12:25:08","date_gmt":"2023-09-01T12:25:08","guid":{"rendered":"https:\/\/primicias2262.com\/noticias\/?p=103308"},"modified":"2023-09-02T23:13:45","modified_gmt":"2023-09-02T23:13:45","slug":"el-club-de-ajedrez-victima-del-incendio-en-la-galeria-nos-quedamos-sin-sede-y-habra-que-buscar-otro-lugar-provisorio","status":"publish","type":"post","link":"https:\/\/primicias2262.com\/noticias\/el-club-de-ajedrez-victima-del-incendio-en-la-galeria-nos-quedamos-sin-sede-y-habra-que-buscar-otro-lugar-provisorio\/","title":{"rendered":"El Club de Ajedrez, v\u00edctima del incendio en la Galer\u00eda: \u201cNos quedamos sin sede y habr\u00e1 que buscar otro lugar provisorio\u201d"},"content":{"rendered":"<p><strong>As\u00ed lo lament\u00f3 al aire de \u201cVoces de la Ciudad\u201d el presidente del Club de Ajedrez, Pablo Bagal\u00e1, quien en charla con el periodista Hugo Arroyo habl\u00f3 sobre una mezcla de sensaciones: La satisfacci\u00f3n por la muy buena organizaci\u00f3n del Prix del Atl\u00e1ntico pero la tristeza por perder un lugar que hab\u00edan remozado totalmente en marzo.<\/strong><\/p>\n<p>\u201cSal\u00edamos del evento re contentos y vimos una foto de c\u00f3mo hab\u00eda quedado la sede, ya que no ten\u00edamos ni idea\u201d, asegur\u00f3 Bagal\u00e1, dando cuenta de que el cierre de la fecha regional del Prix organizado por el Club en el Colegio Dan\u00e9s se daba casi en simult\u00e1neo conlas primeras im\u00e1genes que llegaban de la Galer\u00eda Central, donde estaba la sede del Club de Ajedrez, en el local N\u00ba 119.<\/p>\n<p>Agreg\u00f3 que \u201cal menos tuvimos esa suerte en la desgracia de haber sacado todos los tableros y todos los relojes para el evento, es la buena dentro de la mala, que es b\u00e1sicamente que nos quedamos sin sede\u2026son dos paredes, ni techo hay\u201d.<\/p>\n<p>Por lo tanto, manifest\u00f3 que \u201cprovisoriamente habr\u00e1 que buscar otra sede por un a\u00f1o o a\u00f1o y pico, y a partir de que la generalidad de la Galer\u00eda Central se habilite, habr\u00e1 que ver si eso tiene sentido hacerlo de nuevo o no, porque insisto, quedaron dos paredes solamente\u201d.<\/p>\n<p>Casi como una de esas bromas pesadas del destino, Bagal\u00e1 cont\u00f3 que \u201ceste a\u00f1o la actividad ven\u00eda como casi nunca, hab\u00eda mermado antes de la pandemia pero con el retorno del torneo Playas de Necochea volvi\u00f3 a acercarse gente al club, tuvimos este prix pero adem\u00e1s le dimos actividad interna, de hecho se est\u00e1 jugando el torneo de segunda categor\u00eda y una vez cada tres semanas sale una comitiva de club a jugar a la regi\u00f3n, y pronto comienza el torneo de Primera categor\u00eda\u201d.<\/p>\n<p>Es decir, \u201cven\u00edamos bien, con mucho trabajo en la sede que la hab\u00edamos dejado nueva, con pintura, pisos nuevos y vidrios, y hasta hab\u00edamos comprado un caloventor que plotteamos\u2026 un esfuerzo tremendo que se fue el mismo d\u00eda del evento en el gimnasio del Colegio Dan\u00e9s\u201d, lament\u00f3.<\/p>\n<p>Para dar vuelta la p\u00e1gina, Bagal\u00e1 se refiri\u00f3 a la parte buena del fin de semana: \u201cEl domingo tuvo lugar la segunda fecha del Prix de car\u00e1cter regional que involucra a Necochea, Mar del Plata, Miramar, Partido de la Costa y Lober\u00eda, que son las federaciones fundantes, y tuvimos una acogida de gente tremenda, con 182 inscriptos, desde chicos y chicas de 6 a\u00f1os a adultos mayores, y mucha gente acompa\u00f1ando, m\u00e1s de 300 personas\u201d.<\/p>\n<p>Apunt\u00f3 que contaron\u00a0 con una cantina de la asociaci\u00f3n de padres del Colegio Dan\u00e9s y que fueron felicitados por la organizaci\u00f3n y por el lugar, como por la cantina. \u201cDisfrutaron todos los participantes, que se llevaron alg\u00fan premio y refrigerio, y despu\u00e9s las medalla y trofeos para el podio, en el caso de Necochea se gan\u00f3 la categor\u00eda Sub 12\u201d.<\/p>\n<p>Finalmente, sintetiz\u00f3 que \u201cvino gente de Tres Arroyos, Otamendi y Balcarce, y tuvimos el acompa\u00f1amiento de la Escuela Municipal de Ajedrez y del Colegio Dan\u00e9s, donde se desarrolla un taller de la disciplina\u2026 esper\u00e1bamos como mucho unas 140 personas, pero nos encontramos con un n\u00famero superior y tuvimos que salir a buscar cosas\u201d.<\/p>\n","protected":false},"excerpt":{"rendered":"<p>As\u00ed lo lament\u00f3 al aire de \u201cVoces de la Ciudad\u201d el presidente del Club de Ajedrez, Pablo Bagal\u00e1, quien en charla con el periodista Hugo Arroyo habl\u00f3 sobre una mezcla de sensaciones: La satisfacci\u00f3n por la muy buena organizaci\u00f3n del Prix del Atl\u00e1ntico pero la tristeza por perder un lugar que hab\u00edan remozado totalmente en [&hellip;]<\/p>\n","protected":false},"author":3,"featured_media":102091,"comment_status":"open","ping_status":"open","sticky":false,"template":"","format":"standard","meta":{"footnotes":""},"categories":[3],"tags":[],"class_list":["post-103308","post","type-post","status-publish","format-standard","has-post-thumbnail","category-masnoticias"],"_links":{"self":[{"href":"https:\/\/primicias2262.com\/noticias\/wp-json\/wp\/v2\/posts\/103308","targetHints":{"allow":["GET"]}}],"collection":[{"href":"https:\/\/primicias2262.com\/noticias\/wp-json\/wp\/v2\/posts"}],"about":[{"href":"https:\/\/primicias2262.com\/noticias\/wp-json\/wp\/v2\/types\/post"}],"author":[{"embeddable":true,"href":"https:\/\/primicias2262.com\/noticias\/wp-json\/wp\/v2\/users\/3"}],"replies":[{"embeddable":true,"href":"https:\/\/primicias2262.com\/noticias\/wp-json\/wp\/v2\/comments?post=103308"}],"version-history":[{"count":1,"href":"https:\/\/primicias2262.com\/noticias\/wp-json\/wp\/v2\/posts\/103308\/revisions"}],"predecessor-version":[{"id":103309,"href":"https:\/\/primicias2262.com\/noticias\/wp-json\/wp\/v2\/posts\/103308\/revisions\/103309"}],"wp:featuredmedia":[{"embeddable":true,"href":"https:\/\/primicias2262.com\/noticias\/wp-json\/wp\/v2\/media\/102091"}],"wp:attachment":[{"href":"https:\/\/primicias2262.com\/noticias\/wp-json\/wp\/v2\/media?parent=103308"}],"wp:term":[{"taxonomy":"category","embeddable":true,"href":"https:\/\/primicias2262.com\/noticias\/wp-json\/wp\/v2\/categories?post=103308"},{"taxonomy":"post_tag","embeddable":true,"href":"https:\/\/primicias2262.com\/noticias\/wp-json\/wp\/v2\/tags?post=103308"}],"curies":[{"name":"wp","href":"https:\/\/api.w.org\/{rel}","templated":true}]}}