{"id":103310,"date":"2023-09-01T12:35:17","date_gmt":"2023-09-01T12:35:17","guid":{"rendered":"https:\/\/primicias2262.com\/noticias\/?p=103310"},"modified":"2023-09-02T23:12:14","modified_gmt":"2023-09-02T23:12:14","slug":"la-mayoria-de-los-comerciantes-de-la-galeria-solicita-rapidamente-poder-salir-adelante-y-seguir-con-la-actividad","status":"publish","type":"post","link":"https:\/\/primicias2262.com\/noticias\/la-mayoria-de-los-comerciantes-de-la-galeria-solicita-rapidamente-poder-salir-adelante-y-seguir-con-la-actividad\/","title":{"rendered":"\u201cLa mayor\u00eda de los comerciantes de la Galer\u00eda solicita r\u00e1pidamente poder salir adelante y seguir con la actividad\u201d"},"content":{"rendered":"<p><strong>As\u00ed lo defini\u00f3 el secretario de Gobierno de la comuna, Jorge Mart\u00ednez, luego de la reuni\u00f3n junto a los comerciantes de la Galer\u00eda Central afectados por el incendio que les caus\u00f3 p\u00e9rdidas casi totales. El encuentro se llev\u00f3 a cabo en la C\u00e1mara Comercial, aunque el funcionario apunt\u00f3 que tambi\u00e9n se est\u00e1n reuniendo de forma individual con cada comerciante.<\/strong><\/p>\n<p>En comunicaci\u00f3n telef\u00f3nica con el periodista Hugo Arroyo para \u201cVoces de la Ciudad\u201d, Mart\u00ednez se\u00f1al\u00f3 que \u201crespondimos al pedido de los comerciantes y con la mediaci\u00f3n de las autoridades de la C\u00e1mara Comercial, y fue una reuni\u00f3n donde escuchamos las problem\u00e1ticas de ellos por lo sucedido en la Galer\u00eda, con la idea de empezar a trabajar en las prioridades que nos plantearon\u201d.<\/p>\n<p>En ese aspecto, revel\u00f3 que \u201cen primer lugar la idea es poder sacar la mercader\u00eda y retirar con maquinaria, as\u00ed que trabajaremos en conjunto para darles una mano en forma ordenada y con el okey de la administraci\u00f3n y de Obras Privadas de la Municipalidad ir retirando las cosas con las medidas que ello requiere, y as\u00ed poder facilitarle el traslado a trav\u00e9s de maquinaria de la Municipalidad a los distintos lugares que ellos lo requieran\u201d.<\/p>\n<p><a href=\"https:\/\/primicias2262.com\/noticias\/wp-content\/uploads\/2023\/08\/galeria-central2.jpg\"><img loading=\"lazy\" decoding=\"async\" class=\"aligncenter size-full wp-image-103254\" src=\"https:\/\/primicias2262.com\/noticias\/wp-content\/uploads\/2023\/08\/galeria-central2.jpg\" alt=\"\" width=\"1600\" height=\"1200\" srcset=\"https:\/\/primicias2262.com\/noticias\/wp-content\/uploads\/2023\/08\/galeria-central2.jpg 1600w, https:\/\/primicias2262.com\/noticias\/wp-content\/uploads\/2023\/08\/galeria-central2-300x225.jpg 300w, https:\/\/primicias2262.com\/noticias\/wp-content\/uploads\/2023\/08\/galeria-central2-1024x768.jpg 1024w, https:\/\/primicias2262.com\/noticias\/wp-content\/uploads\/2023\/08\/galeria-central2-768x576.jpg 768w, https:\/\/primicias2262.com\/noticias\/wp-content\/uploads\/2023\/08\/galeria-central2-1536x1152.jpg 1536w, https:\/\/primicias2262.com\/noticias\/wp-content\/uploads\/2023\/08\/galeria-central2-150x113.jpg 150w, https:\/\/primicias2262.com\/noticias\/wp-content\/uploads\/2023\/08\/galeria-central2-696x522.jpg 696w, https:\/\/primicias2262.com\/noticias\/wp-content\/uploads\/2023\/08\/galeria-central2-1068x801.jpg 1068w\" sizes=\"auto, (max-width: 1600px) 100vw, 1600px\" \/><\/a>El secretario de Gobierno dej\u00f3 en claro que el rol inmediato del Estado Municipal en este caso es el de intermediar: \u201cYa sea ante la usina por tema de medidores y ante Bomberos para que puedan tener un r\u00e1pido informe para aquellos que tengan un seguro pendiente para poder reclamar el reembolso de los da\u00f1os; o intermediar para ver si podemos dar alg\u00fan subsidio por parte de la Municipalidad, como as\u00ed ante el Banco Provincia por una l\u00ednea de cr\u00e9ditos para pymes, y si alguno est\u00e1 en condiciones a acceder a ese tipo de cr\u00e9dito para poder continuar r\u00e1pidamente con su actividad comercial, que es lo que pidi\u00f3 la mayor\u00eda de ellos, r\u00e1pidamente poder salir adelante y seguir con la actividad\u201d.<\/p>\n<p>Asimismo, revel\u00f3 que \u201choy ya empezamos a tener reuniones de forma individual con cada uno de los comerciantes damnificados, son entre 30 y 40 comercios los afectados, para ver en forma particular cada uno de los casos, ya que cada uno tiene una problem\u00e1tica distinta\u2026 algunos ya consiguieron un lugar donde seguir sus actividades, otros est\u00e1n pendientes a la b\u00fasqueda y otros est\u00e1n viendo si desde el Estado municipal les podemos dar una mano. Son problem\u00e1ticas dis\u00edmiles uno de otro\u201d.<\/p>\n<p>Incluso, apunt\u00f3 Mart\u00ednez que \u201ctambi\u00e9n se plante\u00f3 alguna exenci\u00f3n de tasas, acerca de lo cual ya hab\u00eda proyectos dando vueltas que los \u00edbamos a analizar para salir de forma gen\u00e9rica, pero hay que distinguir entre comerciantes, titulares de los comercios, titulares de los locales y propietarios de departamentos\u201d.<\/p>\n<p>Finalmente, el funcionario inform\u00f3 tambi\u00e9n en cuanto al estado estructural de la Galer\u00eda que \u201cen la reuni\u00f3n estuvo la directora de Obras Privadas, Leandra Grassi, que dio un detalle de las intimaciones y estudio que ven\u00edan realizando desde antes del incendio, por lo que la cuesti\u00f3n del incendio agrav\u00f3 esa situaci\u00f3n, y uno de los temas que se plante\u00f3 es la idea de lograr, a cargo del municipio, un informe de un ingeniero especializado en el tema para tener una r\u00e1pida evaluaci\u00f3n de los da\u00f1os, que son importantes, y en funci\u00f3n de esos da\u00f1os, qu\u00e9 zona de la Galer\u00eda puede seguir en funcionamiento y cu\u00e1l va a quedar clausurada en forma transitoria hasta tanto se hagan las reparaciones\u201d.<\/p>\n","protected":false},"excerpt":{"rendered":"<p>As\u00ed lo defini\u00f3 el secretario de Gobierno de la comuna, Jorge Mart\u00ednez, luego de la reuni\u00f3n junto a los comerciantes de la Galer\u00eda Central afectados por el incendio que les caus\u00f3 p\u00e9rdidas casi totales. El encuentro se llev\u00f3 a cabo en la C\u00e1mara Comercial, aunque el funcionario apunt\u00f3 que tambi\u00e9n se est\u00e1n reuniendo de forma [&hellip;]<\/p>\n","protected":false},"author":3,"featured_media":100306,"comment_status":"open","ping_status":"open","sticky":false,"template":"","format":"standard","meta":{"footnotes":""},"categories":[3],"tags":[],"class_list":["post-103310","post","type-post","status-publish","format-standard","has-post-thumbnail","category-masnoticias"],"_links":{"self":[{"href":"https:\/\/primicias2262.com\/noticias\/wp-json\/wp\/v2\/posts\/103310","targetHints":{"allow":["GET"]}}],"collection":[{"href":"https:\/\/primicias2262.com\/noticias\/wp-json\/wp\/v2\/posts"}],"about":[{"href":"https:\/\/primicias2262.com\/noticias\/wp-json\/wp\/v2\/types\/post"}],"author":[{"embeddable":true,"href":"https:\/\/primicias2262.com\/noticias\/wp-json\/wp\/v2\/users\/3"}],"replies":[{"embeddable":true,"href":"https:\/\/primicias2262.com\/noticias\/wp-json\/wp\/v2\/comments?post=103310"}],"version-history":[{"count":1,"href":"https:\/\/primicias2262.com\/noticias\/wp-json\/wp\/v2\/posts\/103310\/revisions"}],"predecessor-version":[{"id":103315,"href":"https:\/\/primicias2262.com\/noticias\/wp-json\/wp\/v2\/posts\/103310\/revisions\/103315"}],"wp:featuredmedia":[{"embeddable":true,"href":"https:\/\/primicias2262.com\/noticias\/wp-json\/wp\/v2\/media\/100306"}],"wp:attachment":[{"href":"https:\/\/primicias2262.com\/noticias\/wp-json\/wp\/v2\/media?parent=103310"}],"wp:term":[{"taxonomy":"category","embeddable":true,"href":"https:\/\/primicias2262.com\/noticias\/wp-json\/wp\/v2\/categories?post=103310"},{"taxonomy":"post_tag","embeddable":true,"href":"https:\/\/primicias2262.com\/noticias\/wp-json\/wp\/v2\/tags?post=103310"}],"curies":[{"name":"wp","href":"https:\/\/api.w.org\/{rel}","templated":true}]}}