{"id":103311,"date":"2023-09-02T17:46:17","date_gmt":"2023-09-02T17:46:17","guid":{"rendered":"https:\/\/primicias2262.com\/noticias\/?p=103311"},"modified":"2023-09-19T17:16:45","modified_gmt":"2023-09-19T17:16:45","slug":"la-secundaria-no-14-invita-a-la-comunidad-a-participar-del-proyecto-de-ponerle-un-nombre-a-la-escuela","status":"publish","type":"post","link":"https:\/\/primicias2262.com\/noticias\/la-secundaria-no-14-invita-a-la-comunidad-a-participar-del-proyecto-de-ponerle-un-nombre-a-la-escuela\/","title":{"rendered":"La Secundaria N\u00ba 14 invita a la comunidad a participar del proyecto de ponerle un nombre a la escuela"},"content":{"rendered":"<p><strong>La directora de la instituci\u00f3n que funciona en la playa, Perla Apreda, se\u00f1al\u00f3 que la convocatoria est\u00e1 abierta a toda la ciudadan\u00eda, y por supuesto a la comunidad educativa del establecimiento, a fin de ponerle un nombre a la Escuela secundaria N\u00ba 14, que comparte edificio con la Primaria N\u00ba 50 en 67 entre 4 y 6.<\/strong><\/p>\n<p>En \u201cVoces de la Ciudad\u201d, la directiva fue entrevistada por el periodista Hugo Arroyo, marcando al inicio que \u201cnuestra escuela, la Secundaria N\u00ba14 funciona en el 1\u00ba piso del edificio, tiene unos 150 alumnos distribuidos en turnos ma\u00f1ana y tarde y es la \u00fanica secundaria del distrito que tiene orientaci\u00f3n en Teatro\u201d.<\/p>\n<p>No obstante, \u201chay mucha gente que no sabe que ah\u00ed hay una secundaria porque nos confunden mucho con la Primaria N\u00ba 50\u201d, y \u201cestamos en un proyecto integral de visibilizar la escuela\u201d, argument\u00f3 Apreda, apuntando que \u201csurgi\u00f3 esta idea a trav\u00e9s de la Prof. Claudia Novelli, quien inici\u00f3 el proyecto con los dos 1\u00ba A\u00f1os de la escuela, e hizo una convocatoria a toda la comunidad con el respaldo de la instituci\u00f3n\u201d.<\/p>\n<p>Por ende, Perla expres\u00f3 que \u201cestamos haciendo una convocatoria a la comunidad para la imposici\u00f3n del nombre a la escuela, que funciona desde 2007, se inici\u00f3 como Escuela Secundaria B\u00e1sica y posteriormente como Escuela Secundaria N\u00ba 14 desde 2010\u201d.<\/p>\n<p>Apreda aclar\u00f3 que \u201cesto no lo inventamos nosotros, sino que es una resoluci\u00f3n del Ministerio de Educaci\u00f3n, que tiene cierto protocolo para la imposici\u00f3n del nombre como para la inauguraci\u00f3n de ese nombre el d\u00eda que se decida c\u00f3mo se llamar\u00e1 la escuela\u201d, y en tal sentido manifest\u00f3: \u201cMe gustar\u00eda aclarar que para imponer el nombre a la escuela hay algunos requisitos, por ejemplo, no puede tener nombres de personas condenadas por lesa humanidad; ni tener el nombre en idiomas extranjeros; no pueden ser nombres de personalidades vivas, sino tienen que haber muerto al menos hace diez a\u00f1os o m\u00e1s\u201d.<\/p>\n<p>Para ello, revel\u00f3 que \u201cnosotros ya tenemos algunas propuestas de los pap\u00e1s, familias y de los mismos chicos que han empezado a contribuir con esto\u201d, pero apunt\u00f3 a que \u201clo puede hacer toda la comunidad en pleno, obviamente respetando estos requisitos, y para ello tenemos un buz\u00f3n abierto en la escuela para que puedan acercar su propuesta y a su vez tenemos el mail oficial de la escuela <a href=\"mailto:secundaria14necochea@abc.gob.ar\">secundaria14necochea@abc.gob.ar<\/a> \u00a0para aquellos que quieran hacerlo a trav\u00e9s de internet, puede ser an\u00f3nimo\u201d.<\/p>\n<p>Para concluir, la directora contextualiz\u00f3 que \u201ca la escuela se ingresa por la calle 4 bis, que es la de tierra que rodea a las torres, compartimos varios lugares con la Primaria y hace a\u00f1os venimos luchando por un espacio propio, pero dadas las condiciones de nuestro pa\u00eds seguimos esperando y estamos armando otro proyecto que ser\u00e1 posterior a este, y es pintar el pared\u00f3n de la escuela con el nuevo nombre de la instituci\u00f3n\u201d.<\/p>\n<p><a href=\"https:\/\/primicias2262.com\/noticias\/wp-content\/uploads\/2023\/08\/WhatsApp-Image-2023-08-31-at-12.58.13-PM.jpeg\"><img loading=\"lazy\" decoding=\"async\" class=\"aligncenter size-full wp-image-103312\" src=\"https:\/\/primicias2262.com\/noticias\/wp-content\/uploads\/2023\/08\/WhatsApp-Image-2023-08-31-at-12.58.13-PM.jpeg\" alt=\"\" width=\"589\" height=\"846\" srcset=\"https:\/\/primicias2262.com\/noticias\/wp-content\/uploads\/2023\/08\/WhatsApp-Image-2023-08-31-at-12.58.13-PM.jpeg 589w, https:\/\/primicias2262.com\/noticias\/wp-content\/uploads\/2023\/08\/WhatsApp-Image-2023-08-31-at-12.58.13-PM-209x300.jpeg 209w, https:\/\/primicias2262.com\/noticias\/wp-content\/uploads\/2023\/08\/WhatsApp-Image-2023-08-31-at-12.58.13-PM-150x215.jpeg 150w, https:\/\/primicias2262.com\/noticias\/wp-content\/uploads\/2023\/08\/WhatsApp-Image-2023-08-31-at-12.58.13-PM-300x431.jpeg 300w\" sizes=\"auto, (max-width: 589px) 100vw, 589px\" \/><\/a><\/p>\n","protected":false},"excerpt":{"rendered":"<p>La directora de la instituci\u00f3n que funciona en la playa, Perla Apreda, se\u00f1al\u00f3 que la convocatoria est\u00e1 abierta a toda la ciudadan\u00eda, y por supuesto a la comunidad educativa del establecimiento, a fin de ponerle un nombre a la Escuela secundaria N\u00ba 14, que comparte edificio con la Primaria N\u00ba 50 en 67 entre 4 [&hellip;]<\/p>\n","protected":false},"author":3,"featured_media":103368,"comment_status":"open","ping_status":"open","sticky":false,"template":"","format":"standard","meta":{"footnotes":""},"categories":[3],"tags":[],"class_list":["post-103311","post","type-post","status-publish","format-standard","has-post-thumbnail","category-masnoticias"],"_links":{"self":[{"href":"https:\/\/primicias2262.com\/noticias\/wp-json\/wp\/v2\/posts\/103311","targetHints":{"allow":["GET"]}}],"collection":[{"href":"https:\/\/primicias2262.com\/noticias\/wp-json\/wp\/v2\/posts"}],"about":[{"href":"https:\/\/primicias2262.com\/noticias\/wp-json\/wp\/v2\/types\/post"}],"author":[{"embeddable":true,"href":"https:\/\/primicias2262.com\/noticias\/wp-json\/wp\/v2\/users\/3"}],"replies":[{"embeddable":true,"href":"https:\/\/primicias2262.com\/noticias\/wp-json\/wp\/v2\/comments?post=103311"}],"version-history":[{"count":2,"href":"https:\/\/primicias2262.com\/noticias\/wp-json\/wp\/v2\/posts\/103311\/revisions"}],"predecessor-version":[{"id":103696,"href":"https:\/\/primicias2262.com\/noticias\/wp-json\/wp\/v2\/posts\/103311\/revisions\/103696"}],"wp:featuredmedia":[{"embeddable":true,"href":"https:\/\/primicias2262.com\/noticias\/wp-json\/wp\/v2\/media\/103368"}],"wp:attachment":[{"href":"https:\/\/primicias2262.com\/noticias\/wp-json\/wp\/v2\/media?parent=103311"}],"wp:term":[{"taxonomy":"category","embeddable":true,"href":"https:\/\/primicias2262.com\/noticias\/wp-json\/wp\/v2\/categories?post=103311"},{"taxonomy":"post_tag","embeddable":true,"href":"https:\/\/primicias2262.com\/noticias\/wp-json\/wp\/v2\/tags?post=103311"}],"curies":[{"name":"wp","href":"https:\/\/api.w.org\/{rel}","templated":true}]}}