{"id":103319,"date":"2023-09-01T12:27:00","date_gmt":"2023-09-01T12:27:00","guid":{"rendered":"https:\/\/primicias2262.com\/noticias\/?p=103319"},"modified":"2023-09-02T23:10:35","modified_gmt":"2023-09-02T23:10:35","slug":"el-concejo-aprobo-un-incremento-del-boleto-de-micros-urbanos","status":"publish","type":"post","link":"https:\/\/primicias2262.com\/noticias\/el-concejo-aprobo-un-incremento-del-boleto-de-micros-urbanos\/","title":{"rendered":"El Concejo aprob\u00f3 un incremento del boleto de micros urbanos"},"content":{"rendered":"<p><strong>Se autoriz\u00f3 un ajuste del 36%, elevando de 125 pesos a 170 pesos el costo del boleto plano, el que se hallaba sin cambios desde enero de este a\u00f1o. Se habr\u00eda logrado un importante apoyo de los concejales ante el pedido de las dos empresas encargadas del servicio en Necochea y Quequ\u00e9n<\/strong><\/p>\n<p><strong>Por Jorge G\u00f3mez<\/strong><\/p>\n<p>Sustentado en el reclamo de las dos empresas concesionarias del servicio (Compa\u00f1\u00eda de Transportes Necochea y Micro \u00d3mnibus Nueva Pompeya), fundado en el fuerte proceso inflacionario vigente y que desde enero de 2023 no se producen cambios en su valor, el Concejo Deliberante de Necochea aprob\u00f3 y autorizado este jueves, con un decreto \u201cad refer\u00e9ndum\u201d, un incremento del 36% en el costo del boleto plano de pasajeros del transporte urbano que se brinda en nuestra ciudad y en Quequ\u00e9n, con vigencia la medida en cuesti\u00f3n a partir de septiembre, cuesti\u00f3n que reci\u00e9n se implementar\u00eda tras superar otras instancias ajenas al HCD.<\/p>\n<p>Con el consentimiento surgido de la mayor\u00eda de los ediles, no as\u00ed de tres concejales que integran el denominado interbloque del Frente de Todos (hoy denominado electoralmente Uni\u00f3n por la Patria), se dio aprobaci\u00f3n a un aumento de 45 pesos en el boleto plano de micros, llevando el valor de 125 pesos a 170 pesos (36%).<\/p>\n<p>El expediente ser\u00eda remitido en las pr\u00f3ximas horas al Departamento Ejecutivo para su consiguiente homologaci\u00f3n y ser\u00eda incluido en el temario de la pr\u00f3xima sesi\u00f3n del HCD que est\u00e1 anunciada para el venidero jueves 7 de septiembre.<\/p>\n<p>A la espera de contar -verbalmente habr\u00eda anticipado tambi\u00e9n su acompa\u00f1amiento- con la firma del presidente del bloque de la ACT y actual candidato a intendente, doctor Juan Arabarco -se indic\u00f3 que estar\u00eda en per\u00edodo de unas cortas vacaciones-, se consign\u00f3 que el citado aumento contar\u00eda con el apoyo del 85% de los componentes del Deliberante local.<\/p>\n<p>Informado acto seguido el DE de la decisi\u00f3n, el paso siguiente ser\u00eda informar al Ministerio de Transporte de la Naci\u00f3n para modificar el valor del boleto plano de micros urbanos en nuestro medio. Se recuerdo que el cobro por el servicio se percibe a trav\u00e9s del uso de la tarjeta SUBE.<\/p>\n<p>El proyecto de ordenanza analizado esta semana por los concejales suspende la obligatoriedad de llevar a cabo una audiencia p\u00fablica previamente a cualquier cambio en el costo de los boletos de micros, pero fija una de estas caracter\u00edsticas para noviembre venidero cuando, se prev\u00e9, podr\u00eda estarse frente a otro otro cambio en el valor de este servicio, habida cuenta el sostenido crecimiento del costo de vida a consecuencia de la importante inflaci\u00f3n.<\/p>\n<p>El texto de la norma que -con alg\u00fan posible cambio en su redacci\u00f3n- que finalmente alcanz\u00f3 una importante mayor\u00eda en el HCD es el siguiente:<\/p>\n<p>VISTO:<\/p>\n<p>Lo solicitado por Compa\u00f1\u00eda de Transportes Necochea S.A.\u00a0 y Micro \u00d3mnibus Nueva Pompeya S.R.L, en cuanto al aumento de boleto plano mediante Exp. 3451\/23.<\/p>\n<p>CONSIDERANDO:<\/p>\n<p>Que a fs. 1, las Empresas mencionadas peticionan el aumento de la tarifa correspondiente al boleto plano.<\/p>\n<p>Que de fs. 2 a fs. 6 presentan un estudio de costo, realizado por las mismas, el cual arroja un valor de $607,36.<\/p>\n<p>Que a fs. 8, los representantes de las compa\u00f1\u00edas de transporte, solicitan a este cuerpo declarar la emergencia en el transporte p\u00fablico modalidad micr\u00f3mnibus de l\u00ednea local.<\/p>\n<p>Que de fs. 10 a fs. 14, presentan un nuevo estudio de costo de $855,51.<\/p>\n<p>Que habi\u00e9ndose creado la comisi\u00f3n de seguimiento de transporte p\u00fablico y a la espera de un convenio con la UNICEN la cual realizar\u00e1 una f\u00f3rmula polin\u00f3mica, que permitir\u00e1 tener una herramienta para poder fijar un nuevo cuadro tarifario.<\/p>\n<p>Que, sin desconocer, que seg\u00fan datos recabados por el INDEC la inflaci\u00f3n desde el \u00faltimo aumento de boleto plano a la fecha es de 53,90%, situaci\u00f3n que no solo repercute a las Empresas, sino que tambi\u00e9n afecta directamente a la econom\u00eda de las personas que utilizan dicho transporte.<\/p>\n<p>Que desde la \u00faltima modificaci\u00f3n de la tarifa a la fecha una Jubilaci\u00f3n m\u00ednima tuvo un incremento de 45.54% y la Asignaci\u00f3n Universal por hijo un 32.74%.<\/p>\n<p>Que, por lo mencionado con anterioridad, este cuerpo deliberativo entiende que debe garantizar el servicio de transporte p\u00fablico, y por ello debe suspender de forma extraordinaria la Ordenanza 5501\/05 que regula la Audiencia P\u00fablica para poder modificar el cuadro tarifario.<\/p>\n<p>Que, las compa\u00f1\u00edas expresan que estar\u00eda en riesgo el normal funcionamiento del transporte p\u00fablico, situaci\u00f3n que repercutir\u00eda de forma directa en todos los usuarios, que en muchos casos es la \u00fanica movilidad con la que cuentan, no obstante, este Cuerpo considera que el aumento no debe superar los incrementos de ingresos de sectores m\u00e1s vulnerables. &#8211;<\/p>\n<p>POR TODO ELLO EL H. CONCEJO DELIBERANTE, en uso de sus leg\u00edtimas atribuciones resuelve elevar las presentes actuaciones al Departamento Ejecutivo, para que expida un Decreto \u201cAd Refer\u00e9ndum\u201d de este H. Cuerpo sobre la base de los siguientes t\u00e9rminos: &#8211;<\/p>\n<p>ART\u00cdCULO 1\u00ba: Susp\u00e9ndase por el termino de 90 d\u00edas la Ordenanza 5501\/05 que regula la Audiencia P\u00fablica. &#8211;<\/p>\n<p>ART\u00cdCULO 2\u00ba: F\u00edjese para el 15 de noviembre del 2023 una nueva Audiencia P\u00fablica. &#8211;<\/p>\n<p>ART\u00cdCULO 3\u00ba: Ot\u00f3rguese un aumento del valor de la tarifa plana a $170.00 (pesos ciento setenta) a partir del 1\u00ba de Septiembre del 2023.-<\/p>\n<p>ARTICULO 4\u00ba: -Comun\u00edquese al Departamento Ejecutivo y dem\u00e1s.<\/p>\n","protected":false},"excerpt":{"rendered":"<p>Se autoriz\u00f3 un ajuste del 36%, elevando de 125 pesos a 170 pesos el costo del boleto plano, el que se hallaba sin cambios desde enero de este a\u00f1o. Se habr\u00eda logrado un importante apoyo de los concejales ante el pedido de las dos empresas encargadas del servicio en Necochea y Quequ\u00e9n Por Jorge G\u00f3mez [&hellip;]<\/p>\n","protected":false},"author":3,"featured_media":101650,"comment_status":"open","ping_status":"open","sticky":false,"template":"","format":"standard","meta":{"footnotes":""},"categories":[3],"tags":[],"class_list":["post-103319","post","type-post","status-publish","format-standard","has-post-thumbnail","category-masnoticias"],"_links":{"self":[{"href":"https:\/\/primicias2262.com\/noticias\/wp-json\/wp\/v2\/posts\/103319","targetHints":{"allow":["GET"]}}],"collection":[{"href":"https:\/\/primicias2262.com\/noticias\/wp-json\/wp\/v2\/posts"}],"about":[{"href":"https:\/\/primicias2262.com\/noticias\/wp-json\/wp\/v2\/types\/post"}],"author":[{"embeddable":true,"href":"https:\/\/primicias2262.com\/noticias\/wp-json\/wp\/v2\/users\/3"}],"replies":[{"embeddable":true,"href":"https:\/\/primicias2262.com\/noticias\/wp-json\/wp\/v2\/comments?post=103319"}],"version-history":[{"count":1,"href":"https:\/\/primicias2262.com\/noticias\/wp-json\/wp\/v2\/posts\/103319\/revisions"}],"predecessor-version":[{"id":103320,"href":"https:\/\/primicias2262.com\/noticias\/wp-json\/wp\/v2\/posts\/103319\/revisions\/103320"}],"wp:featuredmedia":[{"embeddable":true,"href":"https:\/\/primicias2262.com\/noticias\/wp-json\/wp\/v2\/media\/101650"}],"wp:attachment":[{"href":"https:\/\/primicias2262.com\/noticias\/wp-json\/wp\/v2\/media?parent=103319"}],"wp:term":[{"taxonomy":"category","embeddable":true,"href":"https:\/\/primicias2262.com\/noticias\/wp-json\/wp\/v2\/categories?post=103319"},{"taxonomy":"post_tag","embeddable":true,"href":"https:\/\/primicias2262.com\/noticias\/wp-json\/wp\/v2\/tags?post=103319"}],"curies":[{"name":"wp","href":"https:\/\/api.w.org\/{rel}","templated":true}]}}