{"id":103322,"date":"2023-09-01T12:28:21","date_gmt":"2023-09-01T12:28:21","guid":{"rendered":"https:\/\/primicias2262.com\/noticias\/?p=103322"},"modified":"2023-09-02T23:09:17","modified_gmt":"2023-09-02T23:09:17","slug":"containers-necochea-construye-corredores-seguros-en-el-interior-de-gran-galeria-central","status":"publish","type":"post","link":"https:\/\/primicias2262.com\/noticias\/containers-necochea-construye-corredores-seguros-en-el-interior-de-gran-galeria-central\/","title":{"rendered":"Containers Necochea construye \u00abcorredores seguros\u00bb en el interior de Gran Galer\u00eda Central"},"content":{"rendered":"<p><strong>Por Jorge G\u00f3mez\u00a0\u00a0<\/strong><\/p>\n<p>La reconocida empresa necochense Containers Necochea, a cuyo frente se encuentra el estimado Jos\u00e9 \u00abCholo\u00bb Servat, lleva a cabo este jueves 31 de agosto la construcci\u00f3n de un \u00abcorredor seguro\u00bb, dispuesto en los dos accesos a la Gran Galer\u00eda Central -desde calle 64 y 66-, convirtiendo una suerte de pasillos que sirven para el ingreso y egreso de las familias que ocupan los cuerpos de unidades de departamentos de las torres de edificios del lugar.<\/p>\n<p>Tanto las tareas como el material que se est\u00e1 utilizando se inform\u00f3 \u201csin costo alguno\u201d, en calidad de aporte desde aquella firma local.<\/p>\n<p><a href=\"https:\/\/primicias2262.com\/noticias\/wp-content\/uploads\/2023\/09\/container-galeria.jpeg\"><img loading=\"lazy\" decoding=\"async\" class=\"aligncenter size-full wp-image-103323\" src=\"https:\/\/primicias2262.com\/noticias\/wp-content\/uploads\/2023\/09\/container-galeria.jpeg\" alt=\"\" width=\"1024\" height=\"473\" srcset=\"https:\/\/primicias2262.com\/noticias\/wp-content\/uploads\/2023\/09\/container-galeria.jpeg 1024w, https:\/\/primicias2262.com\/noticias\/wp-content\/uploads\/2023\/09\/container-galeria-300x139.jpeg 300w, https:\/\/primicias2262.com\/noticias\/wp-content\/uploads\/2023\/09\/container-galeria-768x355.jpeg 768w, https:\/\/primicias2262.com\/noticias\/wp-content\/uploads\/2023\/09\/container-galeria-150x69.jpeg 150w, https:\/\/primicias2262.com\/noticias\/wp-content\/uploads\/2023\/09\/container-galeria-696x321.jpeg 696w\" sizes=\"auto, (max-width: 1024px) 100vw, 1024px\" \/><\/a>Los trabajos se concretan en la presente jornada, en atenci\u00f3n a las solicitudes y a los apoyos que desde diferentes sectores de la sociedad se vienen planteando y, como en este caso, ejecutando, en atenci\u00f3n a las consecuencias y secuelas que dej\u00f3 el reciente siniestro que afect\u00f3 severamente al aludido complejo situado en pleno centro de Necochea, especialmente las \u00e1reas subterr\u00e1neas de estacionamiento de autos y el circuito de locales comerciales.<\/p>\n<p><a href=\"https:\/\/primicias2262.com\/noticias\/wp-content\/uploads\/2023\/09\/container-galeria2.jpeg\"><img loading=\"lazy\" decoding=\"async\" class=\"aligncenter size-full wp-image-103324\" src=\"https:\/\/primicias2262.com\/noticias\/wp-content\/uploads\/2023\/09\/container-galeria2.jpeg\" alt=\"\" width=\"1024\" height=\"473\" srcset=\"https:\/\/primicias2262.com\/noticias\/wp-content\/uploads\/2023\/09\/container-galeria2.jpeg 1024w, https:\/\/primicias2262.com\/noticias\/wp-content\/uploads\/2023\/09\/container-galeria2-300x139.jpeg 300w, https:\/\/primicias2262.com\/noticias\/wp-content\/uploads\/2023\/09\/container-galeria2-768x355.jpeg 768w, https:\/\/primicias2262.com\/noticias\/wp-content\/uploads\/2023\/09\/container-galeria2-150x69.jpeg 150w, https:\/\/primicias2262.com\/noticias\/wp-content\/uploads\/2023\/09\/container-galeria2-696x321.jpeg 696w\" sizes=\"auto, (max-width: 1024px) 100vw, 1024px\" \/><\/a><a href=\"https:\/\/primicias2262.com\/noticias\/wp-content\/uploads\/2023\/09\/container-galeria-central.jpeg\"><img loading=\"lazy\" decoding=\"async\" class=\"aligncenter size-full wp-image-103330\" src=\"https:\/\/primicias2262.com\/noticias\/wp-content\/uploads\/2023\/09\/container-galeria-central.jpeg\" alt=\"\" width=\"1024\" height=\"473\" srcset=\"https:\/\/primicias2262.com\/noticias\/wp-content\/uploads\/2023\/09\/container-galeria-central.jpeg 1024w, https:\/\/primicias2262.com\/noticias\/wp-content\/uploads\/2023\/09\/container-galeria-central-300x139.jpeg 300w, https:\/\/primicias2262.com\/noticias\/wp-content\/uploads\/2023\/09\/container-galeria-central-768x355.jpeg 768w, https:\/\/primicias2262.com\/noticias\/wp-content\/uploads\/2023\/09\/container-galeria-central-150x69.jpeg 150w, https:\/\/primicias2262.com\/noticias\/wp-content\/uploads\/2023\/09\/container-galeria-central-696x321.jpeg 696w\" sizes=\"auto, (max-width: 1024px) 100vw, 1024px\" \/><\/a><\/p>\n<p>&nbsp;<\/p>\n","protected":false},"excerpt":{"rendered":"<p>Por Jorge G\u00f3mez\u00a0\u00a0 La reconocida empresa necochense Containers Necochea, a cuyo frente se encuentra el estimado Jos\u00e9 \u00abCholo\u00bb Servat, lleva a cabo este jueves 31 de agosto la construcci\u00f3n de un \u00abcorredor seguro\u00bb, dispuesto en los dos accesos a la Gran Galer\u00eda Central -desde calle 64 y 66-, convirtiendo una suerte de pasillos que sirven [&hellip;]<\/p>\n","protected":false},"author":3,"featured_media":103323,"comment_status":"open","ping_status":"open","sticky":false,"template":"","format":"standard","meta":{"footnotes":""},"categories":[3],"tags":[],"class_list":["post-103322","post","type-post","status-publish","format-standard","has-post-thumbnail","category-masnoticias"],"_links":{"self":[{"href":"https:\/\/primicias2262.com\/noticias\/wp-json\/wp\/v2\/posts\/103322","targetHints":{"allow":["GET"]}}],"collection":[{"href":"https:\/\/primicias2262.com\/noticias\/wp-json\/wp\/v2\/posts"}],"about":[{"href":"https:\/\/primicias2262.com\/noticias\/wp-json\/wp\/v2\/types\/post"}],"author":[{"embeddable":true,"href":"https:\/\/primicias2262.com\/noticias\/wp-json\/wp\/v2\/users\/3"}],"replies":[{"embeddable":true,"href":"https:\/\/primicias2262.com\/noticias\/wp-json\/wp\/v2\/comments?post=103322"}],"version-history":[{"count":4,"href":"https:\/\/primicias2262.com\/noticias\/wp-json\/wp\/v2\/posts\/103322\/revisions"}],"predecessor-version":[{"id":103331,"href":"https:\/\/primicias2262.com\/noticias\/wp-json\/wp\/v2\/posts\/103322\/revisions\/103331"}],"wp:featuredmedia":[{"embeddable":true,"href":"https:\/\/primicias2262.com\/noticias\/wp-json\/wp\/v2\/media\/103323"}],"wp:attachment":[{"href":"https:\/\/primicias2262.com\/noticias\/wp-json\/wp\/v2\/media?parent=103322"}],"wp:term":[{"taxonomy":"category","embeddable":true,"href":"https:\/\/primicias2262.com\/noticias\/wp-json\/wp\/v2\/categories?post=103322"},{"taxonomy":"post_tag","embeddable":true,"href":"https:\/\/primicias2262.com\/noticias\/wp-json\/wp\/v2\/tags?post=103322"}],"curies":[{"name":"wp","href":"https:\/\/api.w.org\/{rel}","templated":true}]}}