{"id":103334,"date":"2023-09-01T12:56:51","date_gmt":"2023-09-01T12:56:51","guid":{"rendered":"https:\/\/primicias2262.com\/noticias\/?p=103334"},"modified":"2023-09-01T12:56:51","modified_gmt":"2023-09-01T12:56:51","slug":"anses-cuando-y-cuanto-cobraran-los-jubilados-en-septiembre-con-el-aumento-y-el-bono-extra","status":"publish","type":"post","link":"https:\/\/primicias2262.com\/noticias\/anses-cuando-y-cuanto-cobraran-los-jubilados-en-septiembre-con-el-aumento-y-el-bono-extra\/","title":{"rendered":"ANSES: cu\u00e1ndo y cu\u00e1nto cobrar\u00e1n los jubilados en septiembre con el aumento y el bono extra"},"content":{"rendered":"<div class=\"itemFullText\">\n<p><strong>La ANSES <\/strong>inform\u00f3 fechas y montos que cobrar\u00e1n jubilados de la m\u00ednima en septiembre de 2023, mes que llega con aumento y bonos extraordinarios.<\/p>\n<p>A partir de septiembre,\u00a0<strong>todas las jubiladas y jubilados recibir\u00e1n un aumento por movilidad del 23,29%<\/strong>. Al incremento por movilidad,\u00a0<strong>se le suma un refuerzo de $37.000 durante septiembre.<\/strong><\/p>\n<p>Con estos aumentos,\u00a0<strong>ninguna jubilada o jubilado de la m\u00ednima recibir\u00e1 menos de $124.460 desde septiembre.\u00a0<\/strong>De esta forma,\u00a0<strong>la jubilaci\u00f3n m\u00ednima alcanzar\u00e1 un 147% de incremento interanual<\/strong>.<\/p>\n<h2><strong>ANSES: Jubilaciones y pensiones que no superen un haber m\u00ednimo<\/strong><\/h2>\n<ul>\n<li><strong>DNI terminados en 0: 8<\/strong><strong>\u00a0<\/strong>de septiembre<\/li>\n<li><strong>DNI terminados en 1: 11<\/strong><strong>\u00a0<\/strong>de septiembre<\/li>\n<li><strong>DNI terminados en 2: 12<\/strong><strong>\u00a0<\/strong>de septiembre<\/li>\n<li><strong>DNI terminados en 3: 13<\/strong><strong>\u00a0<\/strong>de septiembre<\/li>\n<li><strong>DNI terminados en 4: 14<\/strong><strong>\u00a0<\/strong>de septiembre<\/li>\n<li><strong>DNI terminados en 5: 15<\/strong><strong>\u00a0<\/strong>de septiembre<\/li>\n<li><strong>DNI terminados en 6: 18<\/strong><strong>\u00a0<\/strong>de septiembre<\/li>\n<li><strong>DNI terminados en 7: 19<\/strong><strong>\u00a0<\/strong>de septiembre<\/li>\n<li><strong>DNI terminados en 8: 20<\/strong><strong>\u00a0<\/strong>de septiembre<\/li>\n<li><strong>DNI terminados en 9: 21<\/strong><strong>\u00a0<\/strong>de septiembre<\/li>\n<\/ul>\n<\/div>\n","protected":false},"excerpt":{"rendered":"<p>La ANSES inform\u00f3 fechas y montos que cobrar\u00e1n jubilados de la m\u00ednima en septiembre de 2023, mes que llega con aumento y bonos extraordinarios. A partir de septiembre,\u00a0todas las jubiladas y jubilados recibir\u00e1n un aumento por movilidad del 23,29%. Al incremento por movilidad,\u00a0se le suma un refuerzo de $37.000 durante septiembre. Con estos aumentos,\u00a0ninguna jubilada [&hellip;]<\/p>\n","protected":false},"author":3,"featured_media":102094,"comment_status":"open","ping_status":"open","sticky":false,"template":"","format":"standard","meta":{"footnotes":""},"categories":[7],"tags":[],"class_list":{"0":"post-103334","1":"post","2":"type-post","3":"status-publish","4":"format-standard","5":"has-post-thumbnail","7":"category-nac"},"_links":{"self":[{"href":"https:\/\/primicias2262.com\/noticias\/wp-json\/wp\/v2\/posts\/103334","targetHints":{"allow":["GET"]}}],"collection":[{"href":"https:\/\/primicias2262.com\/noticias\/wp-json\/wp\/v2\/posts"}],"about":[{"href":"https:\/\/primicias2262.com\/noticias\/wp-json\/wp\/v2\/types\/post"}],"author":[{"embeddable":true,"href":"https:\/\/primicias2262.com\/noticias\/wp-json\/wp\/v2\/users\/3"}],"replies":[{"embeddable":true,"href":"https:\/\/primicias2262.com\/noticias\/wp-json\/wp\/v2\/comments?post=103334"}],"version-history":[{"count":1,"href":"https:\/\/primicias2262.com\/noticias\/wp-json\/wp\/v2\/posts\/103334\/revisions"}],"predecessor-version":[{"id":103335,"href":"https:\/\/primicias2262.com\/noticias\/wp-json\/wp\/v2\/posts\/103334\/revisions\/103335"}],"wp:featuredmedia":[{"embeddable":true,"href":"https:\/\/primicias2262.com\/noticias\/wp-json\/wp\/v2\/media\/102094"}],"wp:attachment":[{"href":"https:\/\/primicias2262.com\/noticias\/wp-json\/wp\/v2\/media?parent=103334"}],"wp:term":[{"taxonomy":"category","embeddable":true,"href":"https:\/\/primicias2262.com\/noticias\/wp-json\/wp\/v2\/categories?post=103334"},{"taxonomy":"post_tag","embeddable":true,"href":"https:\/\/primicias2262.com\/noticias\/wp-json\/wp\/v2\/tags?post=103334"}],"curies":[{"name":"wp","href":"https:\/\/api.w.org\/{rel}","templated":true}]}}