{"id":103336,"date":"2023-09-01T13:10:31","date_gmt":"2023-09-01T13:10:31","guid":{"rendered":"https:\/\/primicias2262.com\/noticias\/?p=103336"},"modified":"2023-09-01T13:10:40","modified_gmt":"2023-09-01T13:10:40","slug":"el-polaco-ex-pareja-de-silvina-luna-estoy-devastado-es-increible-que-le-haya-pasado-esto","status":"publish","type":"post","link":"https:\/\/primicias2262.com\/noticias\/el-polaco-ex-pareja-de-silvina-luna-estoy-devastado-es-increible-que-le-haya-pasado-esto\/","title":{"rendered":"El Polaco, ex pareja de Silvina Luna: \u00abEstoy devastado, es incre\u00edble que le haya pasado esto\u00bb"},"content":{"rendered":"<p><strong>Ezequiel Iv\u00e1n Cwirkaluk<\/strong>,\u00a0m\u00e1s conocido como\u00a0<strong>El Polaco<\/strong>, habl\u00f3 con <em>LAM<\/em>, horas despu\u00e9s de enterarse de la muerte de <strong>Silvina Luna<\/strong>, quien fuera su pareja en el a\u00f1o 2017.\u00a0<strong>\u201cEstoy devastado, como estamos todos, con la noticia.\u00a0Es muy triste, es incre\u00edble que le haya pasado esto\u201d<\/strong>, coment\u00f3 el artista.<\/p>\n<p>Visiblemente conmovido, con anteojos negros y sin frenar su paso, El Polaco tambi\u00e9n habl\u00f3 del cirujano <strong>An\u00edbal Lotocki<\/strong>, acusado en la Justicia y condenado por haber inyectado sustancias nocivas para el cuerpo humano en al menos cuatro denunciantes: Silvina Luna, Pamela Sosa, Gabriela Trenchi y Stefy Xipolitakis.<\/p>\n<p><strong>\u201cEs una locura que siga libre y operando.\u00a0Siento lo que sentimos todos: bronca, repudio, Justicia\u201d<\/strong>,\u00a0opin\u00f3 el cantante, quien tambi\u00e9n hab\u00eda hablado sobre su ex al enterarse de su internaci\u00f3n, dos meses atr\u00e1s.<\/p>\n<p>\u201cNo se merece lo que est\u00e1 viviendo. Es una mujer joven. Yo la quiero mucho, pasamos cosas lindas, y tengo los mejores recuerdos en mi coraz\u00f3n.\u00a0Yo creo que va a salir adelante. De mi parte est\u00e1 en mis oraciones y en las de mi mam\u00e1 tambi\u00e9n.\u00a0Mi vieja es muy cristiana y el otro d\u00eda me llam\u00f3 y me dijo que estaba tambi\u00e9n muy dolida\u201d, le hab\u00eda dicho el m\u00fasico a LAM, meses atr\u00e1s, a\u00fan esperanzado con una posible recuperaci\u00f3n.<\/p>\n<p>\u201cEs una chica joven con toda una vida por delante y que est\u00e9 sufriendo esto que est\u00e1 pasando, la verdad es que\u00a0es algo que no se puede explicar y es una verg\u00fcenza.\u00a0La bronca es la misma hacia la gente que hizo tanto da\u00f1o. Ella es una muy buena mujer y es una tristeza esto que est\u00e1 pasando, me duele en el coraz\u00f3n como a todos los que la queremos\u201d, hab\u00eda declarado.<\/p>\n<p>Silvina Luna muri\u00f3 y no s\u00f3lo quienes la conocieron quedaron consternados. Son muchos los que la lloran, los que se indignan con una muerte que era evitable y los que esperan poder despedirla y conseguir que no quede impune. <strong>\u00abJusticia por Silvina\u00bb<\/strong>, fue el pedido de El Polaco en sus redes sociales.<\/p>\n","protected":false},"excerpt":{"rendered":"<p>Ezequiel Iv\u00e1n Cwirkaluk,\u00a0m\u00e1s conocido como\u00a0El Polaco, habl\u00f3 con LAM, horas despu\u00e9s de enterarse de la muerte de Silvina Luna, quien fuera su pareja en el a\u00f1o 2017.\u00a0\u201cEstoy devastado, como estamos todos, con la noticia.\u00a0Es muy triste, es incre\u00edble que le haya pasado esto\u201d, coment\u00f3 el artista. Visiblemente conmovido, con anteojos negros y sin frenar su [&hellip;]<\/p>\n","protected":false},"author":3,"featured_media":103337,"comment_status":"open","ping_status":"open","sticky":false,"template":"","format":"standard","meta":{"footnotes":""},"categories":[7],"tags":[],"class_list":{"0":"post-103336","1":"post","2":"type-post","3":"status-publish","4":"format-standard","5":"has-post-thumbnail","7":"category-nac"},"_links":{"self":[{"href":"https:\/\/primicias2262.com\/noticias\/wp-json\/wp\/v2\/posts\/103336","targetHints":{"allow":["GET"]}}],"collection":[{"href":"https:\/\/primicias2262.com\/noticias\/wp-json\/wp\/v2\/posts"}],"about":[{"href":"https:\/\/primicias2262.com\/noticias\/wp-json\/wp\/v2\/types\/post"}],"author":[{"embeddable":true,"href":"https:\/\/primicias2262.com\/noticias\/wp-json\/wp\/v2\/users\/3"}],"replies":[{"embeddable":true,"href":"https:\/\/primicias2262.com\/noticias\/wp-json\/wp\/v2\/comments?post=103336"}],"version-history":[{"count":2,"href":"https:\/\/primicias2262.com\/noticias\/wp-json\/wp\/v2\/posts\/103336\/revisions"}],"predecessor-version":[{"id":103339,"href":"https:\/\/primicias2262.com\/noticias\/wp-json\/wp\/v2\/posts\/103336\/revisions\/103339"}],"wp:featuredmedia":[{"embeddable":true,"href":"https:\/\/primicias2262.com\/noticias\/wp-json\/wp\/v2\/media\/103337"}],"wp:attachment":[{"href":"https:\/\/primicias2262.com\/noticias\/wp-json\/wp\/v2\/media?parent=103336"}],"wp:term":[{"taxonomy":"category","embeddable":true,"href":"https:\/\/primicias2262.com\/noticias\/wp-json\/wp\/v2\/categories?post=103336"},{"taxonomy":"post_tag","embeddable":true,"href":"https:\/\/primicias2262.com\/noticias\/wp-json\/wp\/v2\/tags?post=103336"}],"curies":[{"name":"wp","href":"https:\/\/api.w.org\/{rel}","templated":true}]}}