{"id":103343,"date":"2023-09-01T12:22:36","date_gmt":"2023-09-01T12:22:36","guid":{"rendered":"https:\/\/primicias2262.com\/noticias\/?p=103343"},"modified":"2023-09-01T13:23:51","modified_gmt":"2023-09-01T13:23:51","slug":"massa-va-a-haber-previaje-6-7-8-9-y-10-si-nos-dan-la-oportunidad-de-seguir-adelante","status":"publish","type":"post","link":"https:\/\/primicias2262.com\/noticias\/massa-va-a-haber-previaje-6-7-8-9-y-10-si-nos-dan-la-oportunidad-de-seguir-adelante\/","title":{"rendered":"Massa: \u201cVa a haber Previaje 6, 7, 8, 9 y 10 si nos dan la oportunidad de seguir adelante\u201d"},"content":{"rendered":"<p>El Gobierno lanz\u00f3 hoy una <strong>nueva edici\u00f3n del programa <a href=\"https:\/\/noticiasargentinas.com\/sociedad\/previaje-5-se-lanza-esta-semana-y-tendria-un-tope-de-reintegro-mas-alto\" target=\"_blank\" rel=\"noopener\">Previaje<\/a><\/strong> para promover el turismo interno, mediante un anuncio realizado por el ministro de Econom\u00eda, <strong>Sergio Massa<\/strong>, junto a su par de Turismo, <strong>Mat\u00edas Lammens<\/strong>, en la ciudad de Paran\u00e1, Entre R\u00edos.<\/p>\n<p>\u201cEl Previaje 5 es un paso m\u00e1s en un camino.<strong> Va a haber Previaje 6, 7, 8, 9 y 10 si en octubre y noviembre nos dan la oportunidad de seguir adelante<\/strong>\u201d, se\u00f1al\u00f3 el titular de la cartera de Econom\u00eda.<\/p>\n<p>Durante su discurso, el titular del Palacio de Hacienda y candidato de Uni\u00f3n por la Patria remarc\u00f3 que \u201csi miramos alrededor, los argentinos tenemos con qu\u00e9 promover esta <strong>industria sin chimenea que es el turismo. <\/strong>Si miramos los n\u00fameros de generaci\u00f3n de empleo, tambi\u00e9n nos damos cuenta que tenemos con quienes promover a la Argentina. Son 648.000 personas trabajando en un sector que viene creciendo sistem\u00e1ticamente desde la salida de la pandemia y que es una <strong>maravillosa f\u00e1brica de d\u00f3lares<\/strong> que es la suma de belleza natural, inversi\u00f3n de nuestros empresarios, trabajo calificado e inversi\u00f3n del Estado\u201d.<\/p>\n<p>Esta nueva etapa del programa busca <strong>fomentar el turismo en temporada baja,<\/strong> que abarca viajes desde el 29 de septiembre hasta el 17 de octubre y contar\u00e1 con la devoluci\u00f3n del 50% del monto total gastado en servicios tur\u00edsticos tales como pasajes, hoteler\u00eda y excursiones, entre otros, siempre que se hayan cargado con anticipaci\u00f3n los comprobantes correspondientes, con un tope m\u00e1ximo de $100.000. El beneficio se incrementa al 70% para jubilados de PAMI.<\/p>\n<p>\u201cLos quiero invitar a defender un proyecto industrial que genera alrededor de 650.000 empleos, m\u00e1s de US$ 1000 millones por mes de ingreso de divisas, niveles de inversi\u00f3n importante y permite mostrar a todo el mundo lo que es nuestro pa\u00eds. Por eso, les pido que <strong>m\u00e1s all\u00e1 de los problemas defendamos la Argentina\u201d<\/strong>, concluy\u00f3 Massa.<\/p>\n","protected":false},"excerpt":{"rendered":"<p>El Gobierno lanz\u00f3 hoy una nueva edici\u00f3n del programa Previaje para promover el turismo interno, mediante un anuncio realizado por el ministro de Econom\u00eda, Sergio Massa, junto a su par de Turismo, Mat\u00edas Lammens, en la ciudad de Paran\u00e1, Entre R\u00edos. \u201cEl Previaje 5 es un paso m\u00e1s en un camino. Va a haber Previaje [&hellip;]<\/p>\n","protected":false},"author":3,"featured_media":102871,"comment_status":"open","ping_status":"open","sticky":false,"template":"","format":"standard","meta":{"footnotes":""},"categories":[7],"tags":[],"class_list":{"0":"post-103343","1":"post","2":"type-post","3":"status-publish","4":"format-standard","5":"has-post-thumbnail","7":"category-nac"},"_links":{"self":[{"href":"https:\/\/primicias2262.com\/noticias\/wp-json\/wp\/v2\/posts\/103343","targetHints":{"allow":["GET"]}}],"collection":[{"href":"https:\/\/primicias2262.com\/noticias\/wp-json\/wp\/v2\/posts"}],"about":[{"href":"https:\/\/primicias2262.com\/noticias\/wp-json\/wp\/v2\/types\/post"}],"author":[{"embeddable":true,"href":"https:\/\/primicias2262.com\/noticias\/wp-json\/wp\/v2\/users\/3"}],"replies":[{"embeddable":true,"href":"https:\/\/primicias2262.com\/noticias\/wp-json\/wp\/v2\/comments?post=103343"}],"version-history":[{"count":1,"href":"https:\/\/primicias2262.com\/noticias\/wp-json\/wp\/v2\/posts\/103343\/revisions"}],"predecessor-version":[{"id":103344,"href":"https:\/\/primicias2262.com\/noticias\/wp-json\/wp\/v2\/posts\/103343\/revisions\/103344"}],"wp:featuredmedia":[{"embeddable":true,"href":"https:\/\/primicias2262.com\/noticias\/wp-json\/wp\/v2\/media\/102871"}],"wp:attachment":[{"href":"https:\/\/primicias2262.com\/noticias\/wp-json\/wp\/v2\/media?parent=103343"}],"wp:term":[{"taxonomy":"category","embeddable":true,"href":"https:\/\/primicias2262.com\/noticias\/wp-json\/wp\/v2\/categories?post=103343"},{"taxonomy":"post_tag","embeddable":true,"href":"https:\/\/primicias2262.com\/noticias\/wp-json\/wp\/v2\/tags?post=103343"}],"curies":[{"name":"wp","href":"https:\/\/api.w.org\/{rel}","templated":true}]}}