{"id":103345,"date":"2023-09-02T17:05:37","date_gmt":"2023-09-02T17:05:37","guid":{"rendered":"https:\/\/primicias2262.com\/noticias\/?p=103345"},"modified":"2023-09-02T23:15:57","modified_gmt":"2023-09-02T23:15:57","slug":"esto-tiene-que-ser-una-oportunidad-para-relanzar-la-galeria-central","status":"publish","type":"post","link":"https:\/\/primicias2262.com\/noticias\/esto-tiene-que-ser-una-oportunidad-para-relanzar-la-galeria-central\/","title":{"rendered":"\u201cEsto tiene que ser una oportunidad para relanzar la Galer\u00eda Central\u201d"},"content":{"rendered":"<p><strong>As\u00ed lo anhel\u00f3 el nuevo administrador del consorcio de la Galer\u00eda, Cristian Jensen Menna, quien a pesar de reconocer que \u201clos comerciantes necesitan una ayuda urgente\u201d, ve con optimismo la recuperaci\u00f3n del ic\u00f3nico edifico del centro necochense.<\/strong><\/p>\n<p>En \u201cVoces de la Ciudad\u201d, Jensen Menna fue entrevistado por el periodista Jorge G\u00f3mez y recapitul\u00f3 inicialmente que \u201cel mi\u00e9rcoles de la semana anterior hab\u00edamos sido elegidos como administradores del Consorcio para tomar posesi\u00f3n este lunes, pero el s\u00e1bado sucedi\u00f3 el incendio que tanto da\u00f1o ha hecho\u201d, para actualizar que \u201cahora est\u00e1 clausurado el acceso a las cocheras como as\u00ed el espacio comercial, y la circulaci\u00f3n de manera preventiva porque hay da\u00f1os en la parte estructural y desprendimientos que se pueden dar y poner en peligro a la gente\u201d.<\/p>\n<p>Al instante, Cristian se\u00f1al\u00f3 que \u201cpienso en los comerciantes de la Galer\u00eda, que por un lado tienen una p\u00e9rdida mediata que es su mercader\u00eda y la otra que es no poder trabajar, adem\u00e1s de lo emocional y el estr\u00e9s que no se puede pagar con nada, son unos 40 comerciantes\u201d.<\/p>\n<p>En cuanto a pasos a seguir, manifest\u00f3 que \u201cla pericia de bomberos el venidero lunes estar\u00e1 incorporada a la causa penal que se inici\u00f3 y a partir de ahora hay esperar que avance el corredor interno que est\u00e1 haciendo la gente de Containers; y hay que buscar la manera de hacer el estudio profundo para determinar cu\u00e1l fue el da\u00f1o que ocurri\u00f3, y a partir de eso avanzar en las dem\u00e1s ideas con diferentes alternativas\u201d.<\/p>\n<p>En ese aspecto, fue que mencion\u00f3 con optimismo que \u201cesto tiene que ser una oportunidad para relanzar la Galer\u00eda Central, por ah\u00ed yo lo digo y los comerciantes que viven de la diaria no lo van a compartir, entonces hay que surfear entre las ganas que me transmiten los inquilinos y la lucha de los comerciantes, que necesitan una ayuda ya\u201d.<\/p>\n<p>En tanto, brind\u00f3 un p\u00e1rrafo aparte hacia el gesto de Jos\u00e9 \u201cCholo\u201d Servat, de Containers Necochea y su iniciativa de hacer corredores seguros en la Galer\u00eda de forma gratuita: \u201cLo del \u201cCholo\u201d Servat es una cosa incre\u00edble, nunca hab\u00eda tenido contacto con \u00e9l, el mi\u00e9rcoles a las 8 de la ma\u00f1ana estaba ah\u00ed tomando las medidas y a la tarde ya empezaron a armar, todo sin costo, \u00e9l ofreci\u00f3 algo superior a lo que yo pensaba, una cosa incre\u00edble, desde ya el agradecimiento\u201d, reconoci\u00f3.<\/p>\n","protected":false},"excerpt":{"rendered":"<p>As\u00ed lo anhel\u00f3 el nuevo administrador del consorcio de la Galer\u00eda, Cristian Jensen Menna, quien a pesar de reconocer que \u201clos comerciantes necesitan una ayuda urgente\u201d, ve con optimismo la recuperaci\u00f3n del ic\u00f3nico edifico del centro necochense. En \u201cVoces de la Ciudad\u201d, Jensen Menna fue entrevistado por el periodista Jorge G\u00f3mez y recapitul\u00f3 inicialmente que [&hellip;]<\/p>\n","protected":false},"author":3,"featured_media":103254,"comment_status":"open","ping_status":"open","sticky":false,"template":"","format":"standard","meta":{"footnotes":""},"categories":[6],"tags":[],"class_list":{"0":"post-103345","1":"post","2":"type-post","3":"status-publish","4":"format-standard","5":"has-post-thumbnail","7":"category-portada2"},"_links":{"self":[{"href":"https:\/\/primicias2262.com\/noticias\/wp-json\/wp\/v2\/posts\/103345","targetHints":{"allow":["GET"]}}],"collection":[{"href":"https:\/\/primicias2262.com\/noticias\/wp-json\/wp\/v2\/posts"}],"about":[{"href":"https:\/\/primicias2262.com\/noticias\/wp-json\/wp\/v2\/types\/post"}],"author":[{"embeddable":true,"href":"https:\/\/primicias2262.com\/noticias\/wp-json\/wp\/v2\/users\/3"}],"replies":[{"embeddable":true,"href":"https:\/\/primicias2262.com\/noticias\/wp-json\/wp\/v2\/comments?post=103345"}],"version-history":[{"count":1,"href":"https:\/\/primicias2262.com\/noticias\/wp-json\/wp\/v2\/posts\/103345\/revisions"}],"predecessor-version":[{"id":103346,"href":"https:\/\/primicias2262.com\/noticias\/wp-json\/wp\/v2\/posts\/103345\/revisions\/103346"}],"wp:featuredmedia":[{"embeddable":true,"href":"https:\/\/primicias2262.com\/noticias\/wp-json\/wp\/v2\/media\/103254"}],"wp:attachment":[{"href":"https:\/\/primicias2262.com\/noticias\/wp-json\/wp\/v2\/media?parent=103345"}],"wp:term":[{"taxonomy":"category","embeddable":true,"href":"https:\/\/primicias2262.com\/noticias\/wp-json\/wp\/v2\/categories?post=103345"},{"taxonomy":"post_tag","embeddable":true,"href":"https:\/\/primicias2262.com\/noticias\/wp-json\/wp\/v2\/tags?post=103345"}],"curies":[{"name":"wp","href":"https:\/\/api.w.org\/{rel}","templated":true}]}}