{"id":103347,"date":"2023-09-02T17:25:41","date_gmt":"2023-09-02T17:25:41","guid":{"rendered":"https:\/\/primicias2262.com\/noticias\/?p=103347"},"modified":"2023-09-02T23:13:01","modified_gmt":"2023-09-02T23:13:01","slug":"tenemos-20-dias-de-conciliacion-obligatoria-y-esperemos-que-se-cumpla-la-palabra-empenada","status":"publish","type":"post","link":"https:\/\/primicias2262.com\/noticias\/tenemos-20-dias-de-conciliacion-obligatoria-y-esperemos-que-se-cumpla-la-palabra-empenada\/","title":{"rendered":"\u201cTenemos 20 d\u00edas de conciliaci\u00f3n obligatoria y esperemos que se cumpla la palabra empe\u00f1ada\u201d"},"content":{"rendered":"<p><strong>El d\u00eda despu\u00e9s a que el Ministerio de Trabajo de la Provincia de Buenos Aires dictara la conciliaci\u00f3n obligatoria para los trabajadores portuarios, Daniel Monjes de Terminal Quequ\u00e9n asegur\u00f3 que acatar\u00e1n la media y esperan que se logren acercar las partes para tener soluciones definitivas, tanto en la situaci\u00f3n de los trabajadores del elevador como en la designaci\u00f3n de Mariano Carrillo en el directorio del Consorcio de Gesti\u00f3n de Puerto Quequ\u00e9n.<\/strong><\/p>\n<p>Ante la consulta del periodista Jorge G\u00f3mez en \u201cVoces de la Ciudad\u201d, Monjes sostuvo que \u201cel paro fue para que solucionara el problema de los empleados de Terminal Quequ\u00e9n debido a que estaba parada la licitaci\u00f3n, y luego cuando tomamos conocimiento de la designaci\u00f3n de este se\u00f1or al directorio (Mariano Carrillo por UATRE) sumamos a la propuesta esta situaci\u00f3n, y ah\u00ed nos acompa\u00f1\u00f3 el gremio del SUPA, y todos los gremios presentamos la impugnaci\u00f3n ante el Ministerio de Producci\u00f3n\u201d.<\/p>\n<p>Desde all\u00ed se ven\u00edan tomando medidas con paros parciales y ten\u00edan previsto este viernes aumentarlo a 24 horas, pero \u201cayer nos cit\u00f3 el Ministerio de Trabajo, actu\u00f3 de oficio, baj\u00f3 un funcionario de La Plata y nos citaron a la tarde y dictaron la conciliaci\u00f3n obligatoria en la cual se comprometieron a tomar parte en el asunto y tratar de llegar a una soluci\u00f3n\u201d, revel\u00f3 Monjes.<\/p>\n<p>Por consiguiente, \u201ca partir de ayer a la tarde tenemos 20 d\u00edas de conciliaci\u00f3n obligatoria, y vamos a respetar los 20 d\u00edas que dicta el Ministerio de Trabajo, esperando que cumplan la palabra empe\u00f1ada, que es acercar las partes y buscar soluciones al tema principal que son los empleados de Terminal Quequ\u00e9n\u201d, manifest\u00f3.<\/p>\n","protected":false},"excerpt":{"rendered":"<p>El d\u00eda despu\u00e9s a que el Ministerio de Trabajo de la Provincia de Buenos Aires dictara la conciliaci\u00f3n obligatoria para los trabajadores portuarios, Daniel Monjes de Terminal Quequ\u00e9n asegur\u00f3 que acatar\u00e1n la media y esperan que se logren acercar las partes para tener soluciones definitivas, tanto en la situaci\u00f3n de los trabajadores del elevador como [&hellip;]<\/p>\n","protected":false},"author":3,"featured_media":103021,"comment_status":"open","ping_status":"open","sticky":false,"template":"","format":"standard","meta":{"footnotes":""},"categories":[5],"tags":[],"class_list":{"0":"post-103347","1":"post","2":"type-post","3":"status-publish","4":"format-standard","5":"has-post-thumbnail","7":"category-neco"},"_links":{"self":[{"href":"https:\/\/primicias2262.com\/noticias\/wp-json\/wp\/v2\/posts\/103347","targetHints":{"allow":["GET"]}}],"collection":[{"href":"https:\/\/primicias2262.com\/noticias\/wp-json\/wp\/v2\/posts"}],"about":[{"href":"https:\/\/primicias2262.com\/noticias\/wp-json\/wp\/v2\/types\/post"}],"author":[{"embeddable":true,"href":"https:\/\/primicias2262.com\/noticias\/wp-json\/wp\/v2\/users\/3"}],"replies":[{"embeddable":true,"href":"https:\/\/primicias2262.com\/noticias\/wp-json\/wp\/v2\/comments?post=103347"}],"version-history":[{"count":1,"href":"https:\/\/primicias2262.com\/noticias\/wp-json\/wp\/v2\/posts\/103347\/revisions"}],"predecessor-version":[{"id":103348,"href":"https:\/\/primicias2262.com\/noticias\/wp-json\/wp\/v2\/posts\/103347\/revisions\/103348"}],"wp:featuredmedia":[{"embeddable":true,"href":"https:\/\/primicias2262.com\/noticias\/wp-json\/wp\/v2\/media\/103021"}],"wp:attachment":[{"href":"https:\/\/primicias2262.com\/noticias\/wp-json\/wp\/v2\/media?parent=103347"}],"wp:term":[{"taxonomy":"category","embeddable":true,"href":"https:\/\/primicias2262.com\/noticias\/wp-json\/wp\/v2\/categories?post=103347"},{"taxonomy":"post_tag","embeddable":true,"href":"https:\/\/primicias2262.com\/noticias\/wp-json\/wp\/v2\/tags?post=103347"}],"curies":[{"name":"wp","href":"https:\/\/api.w.org\/{rel}","templated":true}]}}