{"id":103349,"date":"2023-09-03T14:32:50","date_gmt":"2023-09-03T14:32:50","guid":{"rendered":"https:\/\/primicias2262.com\/noticias\/?p=103349"},"modified":"2023-09-04T16:48:02","modified_gmt":"2023-09-04T16:48:02","slug":"el-centro-vasco-euzko-etxea-renovo-autoridades-en-su-comision-directiva","status":"publish","type":"post","link":"https:\/\/primicias2262.com\/noticias\/el-centro-vasco-euzko-etxea-renovo-autoridades-en-su-comision-directiva\/","title":{"rendered":"El Centro Vasco Euzko Etxea renov\u00f3 autoridades en su comisi\u00f3n directiva"},"content":{"rendered":"<p><strong>De cara a la Semana Nacional Vasca de este a\u00f1o en Necochea, del 6 al 12 de noviembre, el Centro Vasco local renov\u00f3 autoridades en su comisi\u00f3n directiva y qued\u00f3 conformada de la siguiente manera. \u00a0<\/strong><\/p>\n<p><strong>Comisi\u00f3n directiva 2023-2024<\/strong><\/p>\n<ul>\n<li>Presidenta: Cristina In\u00e9s Zubillaga.<\/li>\n<li>Vice presidenta: Mar\u00eda Aranzazu Zubillaga Zubillaga.<\/li>\n<li>Secretaria: Mar\u00eda Emilia Muguerza.<\/li>\n<li>Pro secretario: Juan Bautista Iriberri.<\/li>\n<li>Tesorero: I\u00f1aki Bilbao.<\/li>\n<li>Pro tesorero: Oscar Zugazua.<\/li>\n<li>Vocales titulares: Maite Bilbao de Ustaran. &#8211; Javier Iturralde. -\u200b\u200b Joseba Bilbao. &#8211; Juan Andr\u00e9s Stafforte<\/li>\n<li>Vocales suplentes: Ignacio Esnaola. &#8211; Virginia Lastagaray. &#8211; Juan Pablo Gysling. &#8211; Francisco Alustiza.<\/li>\n<li>Revisores de cuentas titulares: Javier Orte. &#8211; Juan M. Ibarguren.<\/li>\n<li>Revisor de cuentas suplente: Lourdes Pacheco.<\/li>\n<li>Jurado titular: Alfonso Ardanaz. &#8211; Ver\u00f3nica Iturralde. &#8211; Ana In\u00e9s Orte.<\/li>\n<\/ul>\n<p>\u2022 Jurado suplente: Mar\u00eda Bel\u00e9n Irungaray<\/p>\n","protected":false},"excerpt":{"rendered":"<p>De cara a la Semana Nacional Vasca de este a\u00f1o en Necochea, del 6 al 12 de noviembre, el Centro Vasco local renov\u00f3 autoridades en su comisi\u00f3n directiva y qued\u00f3 conformada de la siguiente manera. \u00a0 Comisi\u00f3n directiva 2023-2024 Presidenta: Cristina In\u00e9s Zubillaga. Vice presidenta: Mar\u00eda Aranzazu Zubillaga Zubillaga. Secretaria: Mar\u00eda Emilia Muguerza. Pro secretario: [&hellip;]<\/p>\n","protected":false},"author":3,"featured_media":103350,"comment_status":"open","ping_status":"open","sticky":false,"template":"","format":"standard","meta":{"footnotes":""},"categories":[3],"tags":[],"class_list":["post-103349","post","type-post","status-publish","format-standard","has-post-thumbnail","category-masnoticias"],"_links":{"self":[{"href":"https:\/\/primicias2262.com\/noticias\/wp-json\/wp\/v2\/posts\/103349","targetHints":{"allow":["GET"]}}],"collection":[{"href":"https:\/\/primicias2262.com\/noticias\/wp-json\/wp\/v2\/posts"}],"about":[{"href":"https:\/\/primicias2262.com\/noticias\/wp-json\/wp\/v2\/types\/post"}],"author":[{"embeddable":true,"href":"https:\/\/primicias2262.com\/noticias\/wp-json\/wp\/v2\/users\/3"}],"replies":[{"embeddable":true,"href":"https:\/\/primicias2262.com\/noticias\/wp-json\/wp\/v2\/comments?post=103349"}],"version-history":[{"count":1,"href":"https:\/\/primicias2262.com\/noticias\/wp-json\/wp\/v2\/posts\/103349\/revisions"}],"predecessor-version":[{"id":103351,"href":"https:\/\/primicias2262.com\/noticias\/wp-json\/wp\/v2\/posts\/103349\/revisions\/103351"}],"wp:featuredmedia":[{"embeddable":true,"href":"https:\/\/primicias2262.com\/noticias\/wp-json\/wp\/v2\/media\/103350"}],"wp:attachment":[{"href":"https:\/\/primicias2262.com\/noticias\/wp-json\/wp\/v2\/media?parent=103349"}],"wp:term":[{"taxonomy":"category","embeddable":true,"href":"https:\/\/primicias2262.com\/noticias\/wp-json\/wp\/v2\/categories?post=103349"},{"taxonomy":"post_tag","embeddable":true,"href":"https:\/\/primicias2262.com\/noticias\/wp-json\/wp\/v2\/tags?post=103349"}],"curies":[{"name":"wp","href":"https:\/\/api.w.org\/{rel}","templated":true}]}}