{"id":103353,"date":"2023-09-03T15:35:49","date_gmt":"2023-09-03T15:35:49","guid":{"rendered":"https:\/\/primicias2262.com\/noticias\/?p=103353"},"modified":"2023-09-04T16:32:08","modified_gmt":"2023-09-04T16:32:08","slug":"se-ha-detectado-contaminacion-en-el-parque-y-se-llama-al-manejo-responsable-de-los-residuos","status":"publish","type":"post","link":"https:\/\/primicias2262.com\/noticias\/se-ha-detectado-contaminacion-en-el-parque-y-se-llama-al-manejo-responsable-de-los-residuos\/","title":{"rendered":"Se ha detectado contaminaci\u00f3n en el Parque y se llama al manejo responsable de los residuos"},"content":{"rendered":"<p><strong>La Direcci\u00f3n de Guardaparques, dependiente de la Secretar\u00eda de Gobierno, realiza un llamado a la responsabilidad de la comunidad respecto al manejo de los residuos en el \u00e1mbito del Parque Miguel Lillo, ya que a menudo se detectan focos de contaminaci\u00f3n en el pulm\u00f3n verde m\u00e1s importante de la ciudad.<\/strong><\/p>\n<p>En ese sentido, se inform\u00f3 que a pesar de que el personal de dicha dependencia y del \u00e1rea de Espacios P\u00fablicos se encuentran haciendo tareas de limpieza y recolecci\u00f3n de basura peri\u00f3dicamente en el pulm\u00f3n verde de la ciudad, \u201ces alarmante que algunos lugares se vuelvan a encontrar con basura a los pocos d\u00edas de haber sido limpiados, y en algunos casos al d\u00eda siguiente\u201d.<\/p>\n<p><a href=\"https:\/\/primicias2262.com\/noticias\/wp-content\/uploads\/2023\/09\/30-08-FOTO-residuos-Parque.jpeg\"><img loading=\"lazy\" decoding=\"async\" class=\"aligncenter size-full wp-image-103354\" src=\"https:\/\/primicias2262.com\/noticias\/wp-content\/uploads\/2023\/09\/30-08-FOTO-residuos-Parque.jpeg\" alt=\"\" width=\"1600\" height=\"720\" srcset=\"https:\/\/primicias2262.com\/noticias\/wp-content\/uploads\/2023\/09\/30-08-FOTO-residuos-Parque.jpeg 1600w, https:\/\/primicias2262.com\/noticias\/wp-content\/uploads\/2023\/09\/30-08-FOTO-residuos-Parque-300x135.jpeg 300w, https:\/\/primicias2262.com\/noticias\/wp-content\/uploads\/2023\/09\/30-08-FOTO-residuos-Parque-1024x461.jpeg 1024w, https:\/\/primicias2262.com\/noticias\/wp-content\/uploads\/2023\/09\/30-08-FOTO-residuos-Parque-768x346.jpeg 768w, https:\/\/primicias2262.com\/noticias\/wp-content\/uploads\/2023\/09\/30-08-FOTO-residuos-Parque-1536x691.jpeg 1536w, https:\/\/primicias2262.com\/noticias\/wp-content\/uploads\/2023\/09\/30-08-FOTO-residuos-Parque-150x68.jpeg 150w, https:\/\/primicias2262.com\/noticias\/wp-content\/uploads\/2023\/09\/30-08-FOTO-residuos-Parque-696x313.jpeg 696w, https:\/\/primicias2262.com\/noticias\/wp-content\/uploads\/2023\/09\/30-08-FOTO-residuos-Parque-1068x481.jpeg 1068w\" sizes=\"auto, (max-width: 1600px) 100vw, 1600px\" \/><\/a>Seg\u00fan se inform\u00f3 desde la dependencia que encabeza Juli\u00e1n Zugaz\u00faa, se observan distintos comportamientos indeseables que dan lugar a esa realidad. \u201cPor una parte hay personas que luego de disfrutar del lugar dejan sus desechos, y por otra parte, hay personas que directamente van al parque a tirar basura, tal como restos de construcci\u00f3n, cubiertas, electrodom\u00e9sticos rotos, restos de poda o limpieza de terrenos, u otros desechos\u201d, apunt\u00f3.<\/p>\n<p>Otra problem\u00e1tica es el caso de algunos predios concesionados que realizan un mal manejo de sus residuos, tal como sacarlos en d\u00edas u horarios indebidos o disponerlos en la v\u00eda p\u00fablica o en lugares inadecuados, lo que permite que los perros callejeros u otros animales tales como comadrejas rompan las bolsas y desparramen la basura en distintos lugares del parque.<\/p>\n<p><a href=\"https:\/\/primicias2262.com\/noticias\/wp-content\/uploads\/2023\/09\/30-08-FOTO-residuos-Parque4.jpeg\"><img loading=\"lazy\" decoding=\"async\" class=\"aligncenter size-full wp-image-103356\" src=\"https:\/\/primicias2262.com\/noticias\/wp-content\/uploads\/2023\/09\/30-08-FOTO-residuos-Parque4.jpeg\" alt=\"\" width=\"1280\" height=\"720\" srcset=\"https:\/\/primicias2262.com\/noticias\/wp-content\/uploads\/2023\/09\/30-08-FOTO-residuos-Parque4.jpeg 1280w, https:\/\/primicias2262.com\/noticias\/wp-content\/uploads\/2023\/09\/30-08-FOTO-residuos-Parque4-300x169.jpeg 300w, https:\/\/primicias2262.com\/noticias\/wp-content\/uploads\/2023\/09\/30-08-FOTO-residuos-Parque4-1024x576.jpeg 1024w, https:\/\/primicias2262.com\/noticias\/wp-content\/uploads\/2023\/09\/30-08-FOTO-residuos-Parque4-768x432.jpeg 768w, https:\/\/primicias2262.com\/noticias\/wp-content\/uploads\/2023\/09\/30-08-FOTO-residuos-Parque4-150x84.jpeg 150w, https:\/\/primicias2262.com\/noticias\/wp-content\/uploads\/2023\/09\/30-08-FOTO-residuos-Parque4-696x392.jpeg 696w, https:\/\/primicias2262.com\/noticias\/wp-content\/uploads\/2023\/09\/30-08-FOTO-residuos-Parque4-1068x601.jpeg 1068w\" sizes=\"auto, (max-width: 1280px) 100vw, 1280px\" \/><\/a>Algo similar ocurre en el caso de los cestos papeleros existentes sobre la Avenida 10 y algunas calles internas. Dichos cestos est\u00e1n dise\u00f1ados y pensados para arrojar papeles, botellas de pl\u00e1stico u otros peque\u00f1os residuos por parte de los peatones que circulan por el lugar. Pero caso contrario, hay personas que depositan sus residuos domiciliarios (lo cual est\u00e1 prohibido por Ordenanza N\u00ba 9577\/18), lo que no solamente provoca el desborde de los cestos, sino que tambi\u00e9n al tener restos de comida o envases de comida vac\u00edos, atraen animales que desparraman la basura en distintos lugares del parque.<\/p>\n<p>Para paliar estas situaciones, se inform\u00f3 que adem\u00e1s de estarse realizando tareas de limpieza constantemente, se ha notificado y entablado conversaciones con los distintos concesionarios a fin de que procedan a una adecuada gesti\u00f3n de sus residuos, se est\u00e1 colocando carteler\u00eda en distintos lugares y se realizan patrullajes de forma constante para detectar personas que puedan tirar residuos en lugares indebidos. M\u00e1s all\u00e1 de esas acciones, se resalt\u00f3 que es primordial la conciencia y responsabilidad ciudadana.<\/p>\n<p><a href=\"https:\/\/primicias2262.com\/noticias\/wp-content\/uploads\/2023\/09\/30-08-FOTO-residuos-Parque2.jpeg\"><img loading=\"lazy\" decoding=\"async\" class=\"aligncenter size-full wp-image-103355\" src=\"https:\/\/primicias2262.com\/noticias\/wp-content\/uploads\/2023\/09\/30-08-FOTO-residuos-Parque2.jpeg\" alt=\"\" width=\"1600\" height=\"720\" srcset=\"https:\/\/primicias2262.com\/noticias\/wp-content\/uploads\/2023\/09\/30-08-FOTO-residuos-Parque2.jpeg 1600w, https:\/\/primicias2262.com\/noticias\/wp-content\/uploads\/2023\/09\/30-08-FOTO-residuos-Parque2-300x135.jpeg 300w, https:\/\/primicias2262.com\/noticias\/wp-content\/uploads\/2023\/09\/30-08-FOTO-residuos-Parque2-1024x461.jpeg 1024w, https:\/\/primicias2262.com\/noticias\/wp-content\/uploads\/2023\/09\/30-08-FOTO-residuos-Parque2-768x346.jpeg 768w, https:\/\/primicias2262.com\/noticias\/wp-content\/uploads\/2023\/09\/30-08-FOTO-residuos-Parque2-1536x691.jpeg 1536w, https:\/\/primicias2262.com\/noticias\/wp-content\/uploads\/2023\/09\/30-08-FOTO-residuos-Parque2-150x68.jpeg 150w, https:\/\/primicias2262.com\/noticias\/wp-content\/uploads\/2023\/09\/30-08-FOTO-residuos-Parque2-696x313.jpeg 696w, https:\/\/primicias2262.com\/noticias\/wp-content\/uploads\/2023\/09\/30-08-FOTO-residuos-Parque2-1068x481.jpeg 1068w\" sizes=\"auto, (max-width: 1600px) 100vw, 1600px\" \/><\/a>Asimismo, se inform\u00f3 que se encuentran disponibles los n\u00fameros telef\u00f3nicos 105 o 2262-429712 para comunicaci\u00f3n directa con la Direcci\u00f3n de Guardaparques, donde los vecinos pueden realizar denuncias respecto del arrojo de basura en lugares indebidos del Parque Miguel Lillo o bien informar cualquier otra situaci\u00f3n que atente a la conservaci\u00f3n del espacio natural o a la integridad f\u00edsica de las personas en dicho \u00e1mbito.<\/p>\n","protected":false},"excerpt":{"rendered":"<p>La Direcci\u00f3n de Guardaparques, dependiente de la Secretar\u00eda de Gobierno, realiza un llamado a la responsabilidad de la comunidad respecto al manejo de los residuos en el \u00e1mbito del Parque Miguel Lillo, ya que a menudo se detectan focos de contaminaci\u00f3n en el pulm\u00f3n verde m\u00e1s importante de la ciudad. En ese sentido, se inform\u00f3 [&hellip;]<\/p>\n","protected":false},"author":3,"featured_media":103357,"comment_status":"open","ping_status":"open","sticky":false,"template":"","format":"standard","meta":{"footnotes":""},"categories":[3],"tags":[],"class_list":["post-103353","post","type-post","status-publish","format-standard","has-post-thumbnail","category-masnoticias"],"_links":{"self":[{"href":"https:\/\/primicias2262.com\/noticias\/wp-json\/wp\/v2\/posts\/103353","targetHints":{"allow":["GET"]}}],"collection":[{"href":"https:\/\/primicias2262.com\/noticias\/wp-json\/wp\/v2\/posts"}],"about":[{"href":"https:\/\/primicias2262.com\/noticias\/wp-json\/wp\/v2\/types\/post"}],"author":[{"embeddable":true,"href":"https:\/\/primicias2262.com\/noticias\/wp-json\/wp\/v2\/users\/3"}],"replies":[{"embeddable":true,"href":"https:\/\/primicias2262.com\/noticias\/wp-json\/wp\/v2\/comments?post=103353"}],"version-history":[{"count":1,"href":"https:\/\/primicias2262.com\/noticias\/wp-json\/wp\/v2\/posts\/103353\/revisions"}],"predecessor-version":[{"id":103358,"href":"https:\/\/primicias2262.com\/noticias\/wp-json\/wp\/v2\/posts\/103353\/revisions\/103358"}],"wp:featuredmedia":[{"embeddable":true,"href":"https:\/\/primicias2262.com\/noticias\/wp-json\/wp\/v2\/media\/103357"}],"wp:attachment":[{"href":"https:\/\/primicias2262.com\/noticias\/wp-json\/wp\/v2\/media?parent=103353"}],"wp:term":[{"taxonomy":"category","embeddable":true,"href":"https:\/\/primicias2262.com\/noticias\/wp-json\/wp\/v2\/categories?post=103353"},{"taxonomy":"post_tag","embeddable":true,"href":"https:\/\/primicias2262.com\/noticias\/wp-json\/wp\/v2\/tags?post=103353"}],"curies":[{"name":"wp","href":"https:\/\/api.w.org\/{rel}","templated":true}]}}