{"id":103359,"date":"2023-09-02T13:45:48","date_gmt":"2023-09-02T13:45:48","guid":{"rendered":"https:\/\/primicias2262.com\/noticias\/?p=103359"},"modified":"2023-09-01T17:48:08","modified_gmt":"2023-09-01T17:48:08","slug":"valentina-facal-dicta-clases-de-danza-clasica-en-su-ciudad-natal","status":"publish","type":"post","link":"https:\/\/primicias2262.com\/noticias\/valentina-facal-dicta-clases-de-danza-clasica-en-su-ciudad-natal\/","title":{"rendered":"Valentina Facal dicta clases de danza cl\u00e1sica en su ciudad natal"},"content":{"rendered":"<p><strong>La bailarina Valentina Facal est\u00e1 en Necochea dictando clases de Danza cl\u00e1sica luego de su extenso perfeccionamiento en el exterior, recordando que desde 2019 al 2022 se form\u00f3 en el programa Pre-profesional de Cary Ballet Conservatory en Carolina del Norte.<\/strong><\/p>\n<p>En septiembre del 2022 fue convocada para ser parte del programa Trainee de Ballet Idaho, una compa\u00f1\u00eda ubicada en Boise (Estados Unidos), donde tuvo la posibilidad de entrenar con la compa\u00f1\u00eda estable y bailar como refuerzo en las producciones de Cascanueces y Lago de los Cisnes.<\/p>\n<p>En su paso por los Estados Unidos tuvo el privilegio de trabajar con distintos artistas y core\u00f3grafos como Suzanne Farrell, Glenn Edgerton, Penny Saunders, Christopher Stowell, Zippora Karz, Joanna Berman.<\/p>\n<p>Por medio de sus clases, es una forma de traer a nuestra ciudad el conocimiento\u00a0 y experiencia obtenida para todos aquellos que deseen conocer,\u00a0 aprender y perfeccionarse en el Arte de la Danza Cl\u00e1sica.<\/p>\n<p><strong>Las clases ser\u00e1n los d\u00edas martes y jueves de 13hs a 14:30hs nivel intermedio, mi\u00e9rcoles de 12 hs a 13:30 y viernes de 13hs a 14:30hs Ballet adultos, ambos niveles en Osad\u00eda espacio art\u00edstico, y los d\u00edas s\u00e1bados de 11hs a 13hs nivel intermedio en El Insti Estudio de Danzas. Por consultas, comunicarse al 2262 350231 (WhatsApp).<\/strong><\/p>\n","protected":false},"excerpt":{"rendered":"<p>La bailarina Valentina Facal est\u00e1 en Necochea dictando clases de Danza cl\u00e1sica luego de su extenso perfeccionamiento en el exterior, recordando que desde 2019 al 2022 se form\u00f3 en el programa Pre-profesional de Cary Ballet Conservatory en Carolina del Norte. En septiembre del 2022 fue convocada para ser parte del programa Trainee de Ballet Idaho, [&hellip;]<\/p>\n","protected":false},"author":3,"featured_media":103360,"comment_status":"open","ping_status":"open","sticky":false,"template":"","format":"standard","meta":{"footnotes":""},"categories":[5],"tags":[],"class_list":{"0":"post-103359","1":"post","2":"type-post","3":"status-publish","4":"format-standard","5":"has-post-thumbnail","7":"category-neco"},"_links":{"self":[{"href":"https:\/\/primicias2262.com\/noticias\/wp-json\/wp\/v2\/posts\/103359","targetHints":{"allow":["GET"]}}],"collection":[{"href":"https:\/\/primicias2262.com\/noticias\/wp-json\/wp\/v2\/posts"}],"about":[{"href":"https:\/\/primicias2262.com\/noticias\/wp-json\/wp\/v2\/types\/post"}],"author":[{"embeddable":true,"href":"https:\/\/primicias2262.com\/noticias\/wp-json\/wp\/v2\/users\/3"}],"replies":[{"embeddable":true,"href":"https:\/\/primicias2262.com\/noticias\/wp-json\/wp\/v2\/comments?post=103359"}],"version-history":[{"count":2,"href":"https:\/\/primicias2262.com\/noticias\/wp-json\/wp\/v2\/posts\/103359\/revisions"}],"predecessor-version":[{"id":103362,"href":"https:\/\/primicias2262.com\/noticias\/wp-json\/wp\/v2\/posts\/103359\/revisions\/103362"}],"wp:featuredmedia":[{"embeddable":true,"href":"https:\/\/primicias2262.com\/noticias\/wp-json\/wp\/v2\/media\/103360"}],"wp:attachment":[{"href":"https:\/\/primicias2262.com\/noticias\/wp-json\/wp\/v2\/media?parent=103359"}],"wp:term":[{"taxonomy":"category","embeddable":true,"href":"https:\/\/primicias2262.com\/noticias\/wp-json\/wp\/v2\/categories?post=103359"},{"taxonomy":"post_tag","embeddable":true,"href":"https:\/\/primicias2262.com\/noticias\/wp-json\/wp\/v2\/tags?post=103359"}],"curies":[{"name":"wp","href":"https:\/\/api.w.org\/{rel}","templated":true}]}}