{"id":103363,"date":"2023-09-02T12:53:39","date_gmt":"2023-09-02T12:53:39","guid":{"rendered":"https:\/\/primicias2262.com\/noticias\/?p=103363"},"modified":"2023-09-01T17:55:05","modified_gmt":"2023-09-01T17:55:05","slug":"arturo-nos-convoco-para-estar-a-disposicion-de-todo-lo-que-llegaran-a-necesitar-los-comerciantes-de-la-galeria","status":"publish","type":"post","link":"https:\/\/primicias2262.com\/noticias\/arturo-nos-convoco-para-estar-a-disposicion-de-todo-lo-que-llegaran-a-necesitar-los-comerciantes-de-la-galeria\/","title":{"rendered":"\u201cArturo nos convoc\u00f3 para estar a disposici\u00f3n de todo lo que llegaran a necesitar los comerciantes de la Galer\u00eda\u201d"},"content":{"rendered":"<p><strong>As\u00ed lo manifest\u00f3 el secretario de turismo y \u00a0Desarrollo Productivo, Mat\u00edas Sierra, en torno a la medida del intendente Arturo Rojas de apoyar el duro momento de los comerciantes de la Galer\u00eda Central.<\/strong><\/p>\n<p>En \u201cVoces de la Ciudad\u201d, ante la consulta del periodista Jorge G\u00f3mez, Sierra revel\u00f3 que \u201cel lunes por la ma\u00f1ana Arturo (Rojas) nos convoc\u00f3 para decirnos que nos pusi\u00e9ramos a disposici\u00f3n de todo lo que llegaran a necesitar todos los comerciantes de la Galer\u00eda central, as\u00ed que tuvimos una reuni\u00f3n en la C\u00e1mara Comercial con alrededor de 40 comerciantes y cada uno tiene un problema particular, a algunos se les quem\u00f3 todo y a otros menos\u201d.<\/p>\n<p>\u201cUno de los principales temas que nos manifestaron es el poder acceder a la Galer\u00eda para retirar las cosas que tienen en los locales, y que aquellos que daban a la 66 y no est\u00e1n afectados, que el municipio pueda ver la posibilidad de levantar la clausura y poder habilitarlos para que est\u00e9n operativos\u201d, aport\u00f3 el funcionario.<\/p>\n<p>Acto seguido, asegur\u00f3 que \u201cde esto se sale entre todos, con el privado y el Estado, y por ello nos ofrecimos desde el \u00e1rea de Producci\u00f3n por distintos eventos que se puedan hacer, sabemos que la Plaza Dardo Rocha se corta los fines de semana al tr\u00e1nsito y se puede ofrecer los gazebos para que puedan comercializar en la plaza. La sociedad de Necochea cuando pasan estas cosas se pone la camiseta y es muy solidaria\u201d.<\/p>\n<p>Por ello, afirm\u00f3 finalmente Sierra que \u201cesto tiene que ser un trabajo en conjunto, desde lo que cada uno puede aportar para salir m\u00e1s r\u00e1pido de esto, y lo del \u201cCholo\u201d Servat y su empresa es un ejemplo\u201d, en referencia a los corredores seguros que construye de forma gratuita en la Galer\u00eda Central el equipo de Containers Necochea.<\/p>\n","protected":false},"excerpt":{"rendered":"<p>As\u00ed lo manifest\u00f3 el secretario de turismo y \u00a0Desarrollo Productivo, Mat\u00edas Sierra, en torno a la medida del intendente Arturo Rojas de apoyar el duro momento de los comerciantes de la Galer\u00eda Central. En \u201cVoces de la Ciudad\u201d, ante la consulta del periodista Jorge G\u00f3mez, Sierra revel\u00f3 que \u201cel lunes por la ma\u00f1ana Arturo (Rojas) [&hellip;]<\/p>\n","protected":false},"author":3,"featured_media":103364,"comment_status":"open","ping_status":"open","sticky":false,"template":"","format":"standard","meta":{"footnotes":""},"categories":[5],"tags":[],"class_list":{"0":"post-103363","1":"post","2":"type-post","3":"status-publish","4":"format-standard","5":"has-post-thumbnail","7":"category-neco"},"_links":{"self":[{"href":"https:\/\/primicias2262.com\/noticias\/wp-json\/wp\/v2\/posts\/103363","targetHints":{"allow":["GET"]}}],"collection":[{"href":"https:\/\/primicias2262.com\/noticias\/wp-json\/wp\/v2\/posts"}],"about":[{"href":"https:\/\/primicias2262.com\/noticias\/wp-json\/wp\/v2\/types\/post"}],"author":[{"embeddable":true,"href":"https:\/\/primicias2262.com\/noticias\/wp-json\/wp\/v2\/users\/3"}],"replies":[{"embeddable":true,"href":"https:\/\/primicias2262.com\/noticias\/wp-json\/wp\/v2\/comments?post=103363"}],"version-history":[{"count":2,"href":"https:\/\/primicias2262.com\/noticias\/wp-json\/wp\/v2\/posts\/103363\/revisions"}],"predecessor-version":[{"id":103366,"href":"https:\/\/primicias2262.com\/noticias\/wp-json\/wp\/v2\/posts\/103363\/revisions\/103366"}],"wp:featuredmedia":[{"embeddable":true,"href":"https:\/\/primicias2262.com\/noticias\/wp-json\/wp\/v2\/media\/103364"}],"wp:attachment":[{"href":"https:\/\/primicias2262.com\/noticias\/wp-json\/wp\/v2\/media?parent=103363"}],"wp:term":[{"taxonomy":"category","embeddable":true,"href":"https:\/\/primicias2262.com\/noticias\/wp-json\/wp\/v2\/categories?post=103363"},{"taxonomy":"post_tag","embeddable":true,"href":"https:\/\/primicias2262.com\/noticias\/wp-json\/wp\/v2\/tags?post=103363"}],"curies":[{"name":"wp","href":"https:\/\/api.w.org\/{rel}","templated":true}]}}