{"id":103367,"date":"2023-09-02T17:55:12","date_gmt":"2023-09-02T17:55:12","guid":{"rendered":"https:\/\/primicias2262.com\/noticias\/?p=103367"},"modified":"2023-09-05T18:32:48","modified_gmt":"2023-09-05T18:32:48","slug":"la-de-la-galeria-central-debe-ser-una-situacion-que-nos-involucre-a-todos-los-necochenses","status":"publish","type":"post","link":"https:\/\/primicias2262.com\/noticias\/la-de-la-galeria-central-debe-ser-una-situacion-que-nos-involucre-a-todos-los-necochenses\/","title":{"rendered":"\u201cLa de la Galer\u00eda Central debe ser una situaci\u00f3n que nos involucre a todos los necochenses\u201d"},"content":{"rendered":"<p><strong>As\u00ed lo afirm\u00f3 el \u201cCholo\u201d Jos\u00e9 Servat de Containers necochea, quien puso a disposici\u00f3n a su equipo para trabajar y generar corredores seguros en la Galer\u00eda Central de forma totalmente desinteresada.<\/strong><\/p>\n<p>Ante la consulta del caso por parte del periodista Jorge G\u00f3mez en \u201cVoces de la Ciudad\u201d, Servat reflexion\u00f3 que \u201clo que pas\u00f3 fue terrible y muy triste para toda la ciudad, el s\u00e1bado estaba cenando a la vuelta de la Galer\u00eda cuando se prendi\u00f3 fuego y no lo pod\u00eda creer\u201d.<\/p>\n<p>Seguidamente, revel\u00f3 que \u201cel lunes estuve charlando con Cristian Jensen Menna (nuevo administrador del consorcio de la Galer\u00eda), quien me dijo que estaban muy preocupados y necesitaban generar un corredor seguro y apuntalar determinados lugares, as\u00ed que le dije en qu\u00e9 lo pod\u00eda ayudar y mand\u00e9 a todo el equipo de Containers Necochea a generar ese espacio para que la gente que vive en la Galer\u00eda no corra riesgo, se sienta segura y no vea toda esa situaci\u00f3n de tragedia constantemente, hasta que se pueda buscar una soluci\u00f3n\u201d.<\/p>\n<p>Asimismo, se\u00f1al\u00f3 que \u201cqueremos generar un contagio y que la situaci\u00f3n nos involucre a todos, y que no nos pase de que este lugar quede abandonado porque ser\u00eda muy triste, no solo para la gente que vive en el lugar y los comerciantes, sino para la ciudad, porque la Galer\u00eda es un \u00edcono\u201d.<\/p>\n<p>Profundiz\u00f3 que \u201csi entre todos nos ayudamos y ponemos el hombro en lo que cada uno pueda, generar\u00edamos un empuje que nos permitir\u00eda ver la forma de poner de pie el lugar\u201d, para afirmar que \u201cyo quiero verlo de vuelta funcionando y voy a hacer todo lo que tenga a mi alcance para lograrlo, pensemos que esto nos pudo pasar a cualquiera de nosotros y luchemos entre todos, tiene que ser un desaf\u00edo para nuestra ciudad darle una mano a la gente de la Galer\u00eda\u201d.<\/p>\n","protected":false},"excerpt":{"rendered":"<p>As\u00ed lo afirm\u00f3 el \u201cCholo\u201d Jos\u00e9 Servat de Containers necochea, quien puso a disposici\u00f3n a su equipo para trabajar y generar corredores seguros en la Galer\u00eda Central de forma totalmente desinteresada. Ante la consulta del caso por parte del periodista Jorge G\u00f3mez en \u201cVoces de la Ciudad\u201d, Servat reflexion\u00f3 que \u201clo que pas\u00f3 fue terrible [&hellip;]<\/p>\n","protected":false},"author":3,"featured_media":103369,"comment_status":"open","ping_status":"open","sticky":false,"template":"","format":"standard","meta":{"footnotes":""},"categories":[3],"tags":[],"class_list":["post-103367","post","type-post","status-publish","format-standard","has-post-thumbnail","category-masnoticias"],"_links":{"self":[{"href":"https:\/\/primicias2262.com\/noticias\/wp-json\/wp\/v2\/posts\/103367","targetHints":{"allow":["GET"]}}],"collection":[{"href":"https:\/\/primicias2262.com\/noticias\/wp-json\/wp\/v2\/posts"}],"about":[{"href":"https:\/\/primicias2262.com\/noticias\/wp-json\/wp\/v2\/types\/post"}],"author":[{"embeddable":true,"href":"https:\/\/primicias2262.com\/noticias\/wp-json\/wp\/v2\/users\/3"}],"replies":[{"embeddable":true,"href":"https:\/\/primicias2262.com\/noticias\/wp-json\/wp\/v2\/comments?post=103367"}],"version-history":[{"count":1,"href":"https:\/\/primicias2262.com\/noticias\/wp-json\/wp\/v2\/posts\/103367\/revisions"}],"predecessor-version":[{"id":103370,"href":"https:\/\/primicias2262.com\/noticias\/wp-json\/wp\/v2\/posts\/103367\/revisions\/103370"}],"wp:featuredmedia":[{"embeddable":true,"href":"https:\/\/primicias2262.com\/noticias\/wp-json\/wp\/v2\/media\/103369"}],"wp:attachment":[{"href":"https:\/\/primicias2262.com\/noticias\/wp-json\/wp\/v2\/media?parent=103367"}],"wp:term":[{"taxonomy":"category","embeddable":true,"href":"https:\/\/primicias2262.com\/noticias\/wp-json\/wp\/v2\/categories?post=103367"},{"taxonomy":"post_tag","embeddable":true,"href":"https:\/\/primicias2262.com\/noticias\/wp-json\/wp\/v2\/tags?post=103367"}],"curies":[{"name":"wp","href":"https:\/\/api.w.org\/{rel}","templated":true}]}}