{"id":103379,"date":"2023-09-02T23:27:26","date_gmt":"2023-09-02T23:27:26","guid":{"rendered":"https:\/\/primicias2262.com\/noticias\/?p=103379"},"modified":"2023-09-02T23:27:26","modified_gmt":"2023-09-02T23:27:26","slug":"argentina-comenzara-a-exportar-carne-aviar-a-corea-del-sur","status":"publish","type":"post","link":"https:\/\/primicias2262.com\/noticias\/argentina-comenzara-a-exportar-carne-aviar-a-corea-del-sur\/","title":{"rendered":"Argentina comenzar\u00e1 a exportar carne aviar a Corea del Sur"},"content":{"rendered":"<p><strong>Argentina comenzar\u00e1 a exportar carne aviar\u00a0<\/strong>a Corea del Sur tras negociaciones que \u201cse extendieron durante a\u00f1os\u201d, anunci\u00f3 el Ministerio de Relaciones Exteriores en el marco de la gira del canciller Santiago Cafiero a Asia Oriental.<\/p>\n<p>Cafiero fue recibido en la ciudad de Se\u00fal por el primer ministro coreano, Han Duck-soo, con quien \u201cconvers\u00f3 sobre los temas destacados de la agenda bilateral y la importancia de que la agenda com\u00fan, basada en intereses y valores comunes, refuerce la asociaci\u00f3n integral que llevan adelante ambos pa\u00edses, especialmente en t\u00e9rminos de comercio e inversiones\u201d, indic\u00f3 Canciller\u00eda en un comunicado.<\/p>\n<p>All\u00ed se confirm\u00f3 que Corea del Sur abrir\u00e1 su mercado al ingreso de carne aviar argentina.\u00a0\u201cPudimos concluir negociaciones que se extendieron durante a\u00f1os, esto\u00a0<strong>constituye un anuncio importante para nuestros productores<\/strong>, ya que exportar significa generar empleo de calidad y m\u00e1s divisas\u201d, afirm\u00f3 Cafiero.<\/p>\n<p>Como parte del v\u00ednculo entre ambos pa\u00edses, Han sugiri\u00f3 establecer un Foro Empresario Anual entre empresas argentinas y coreanas, teniendo como antecedente el realizado en la Argentina en ocasi\u00f3n de su visita en octubre de 2022.<\/p>\n<p>En ese marco,\u00a0<strong>ambos funcionarios destacaron el \u201crenovado impulso\u201d<\/strong>\u00a0que tuvo la relaci\u00f3n diplom\u00e1tica a partir de la visita de Han, en la cual se reuni\u00f3 con el presidente Alberto Fern\u00e1ndez.<\/p>\n<p>Tanto Han como Fern\u00e1ndez mantendr\u00e1n una reuni\u00f3n de trabajo en la pr\u00f3xima cumbre del G20 en India.<\/p>\n<p>Tambi\u00e9n se subray\u00f3 la importancia del\u00a0<strong>permiso otorgado por el gobierno coreano al laboratorio Biogenesis Bag\u00f3<\/strong>, que le permitir\u00e1 establecer una planta de producci\u00f3n de vacunas contra la aftosa en ese pa\u00eds.<\/p>\n<p>El proyecto surge luego del combate exitoso del brote experimentado por Corea, en mayo pasado, donde las 70 millones de dosis de la vacuna argentina permitieron controlar la situaci\u00f3n.<\/p>\n<p>Respecto\u00a0<strong>del comercio bilateral, remarcaron que tuvo un \u201cexcelente desempe\u00f1o\u201d<\/strong>\u00a0en los \u00faltimos a\u00f1os, alcanzando exportaciones e importaciones r\u00e9cords en 2022.<\/p>\n","protected":false},"excerpt":{"rendered":"<p>Argentina comenzar\u00e1 a exportar carne aviar\u00a0a Corea del Sur tras negociaciones que \u201cse extendieron durante a\u00f1os\u201d, anunci\u00f3 el Ministerio de Relaciones Exteriores en el marco de la gira del canciller Santiago Cafiero a Asia Oriental. Cafiero fue recibido en la ciudad de Se\u00fal por el primer ministro coreano, Han Duck-soo, con quien \u201cconvers\u00f3 sobre los [&hellip;]<\/p>\n","protected":false},"author":3,"featured_media":103380,"comment_status":"open","ping_status":"open","sticky":false,"template":"","format":"standard","meta":{"footnotes":""},"categories":[7],"tags":[],"class_list":{"0":"post-103379","1":"post","2":"type-post","3":"status-publish","4":"format-standard","5":"has-post-thumbnail","7":"category-nac"},"_links":{"self":[{"href":"https:\/\/primicias2262.com\/noticias\/wp-json\/wp\/v2\/posts\/103379","targetHints":{"allow":["GET"]}}],"collection":[{"href":"https:\/\/primicias2262.com\/noticias\/wp-json\/wp\/v2\/posts"}],"about":[{"href":"https:\/\/primicias2262.com\/noticias\/wp-json\/wp\/v2\/types\/post"}],"author":[{"embeddable":true,"href":"https:\/\/primicias2262.com\/noticias\/wp-json\/wp\/v2\/users\/3"}],"replies":[{"embeddable":true,"href":"https:\/\/primicias2262.com\/noticias\/wp-json\/wp\/v2\/comments?post=103379"}],"version-history":[{"count":1,"href":"https:\/\/primicias2262.com\/noticias\/wp-json\/wp\/v2\/posts\/103379\/revisions"}],"predecessor-version":[{"id":103381,"href":"https:\/\/primicias2262.com\/noticias\/wp-json\/wp\/v2\/posts\/103379\/revisions\/103381"}],"wp:featuredmedia":[{"embeddable":true,"href":"https:\/\/primicias2262.com\/noticias\/wp-json\/wp\/v2\/media\/103380"}],"wp:attachment":[{"href":"https:\/\/primicias2262.com\/noticias\/wp-json\/wp\/v2\/media?parent=103379"}],"wp:term":[{"taxonomy":"category","embeddable":true,"href":"https:\/\/primicias2262.com\/noticias\/wp-json\/wp\/v2\/categories?post=103379"},{"taxonomy":"post_tag","embeddable":true,"href":"https:\/\/primicias2262.com\/noticias\/wp-json\/wp\/v2\/tags?post=103379"}],"curies":[{"name":"wp","href":"https:\/\/api.w.org\/{rel}","templated":true}]}}