{"id":103385,"date":"2023-09-03T20:57:22","date_gmt":"2023-09-03T20:57:22","guid":{"rendered":"https:\/\/primicias2262.com\/noticias\/?p=103385"},"modified":"2023-09-04T16:47:33","modified_gmt":"2023-09-04T16:47:33","slug":"licencia-de-conducir-el-municipio-dictara-las-charlas-para-principiantes-en-los-colegios","status":"publish","type":"post","link":"https:\/\/primicias2262.com\/noticias\/licencia-de-conducir-el-municipio-dictara-las-charlas-para-principiantes-en-los-colegios\/","title":{"rendered":"Licencia de Conducir: El municipio dictar\u00e1 las charlas para principiantes en los colegios"},"content":{"rendered":"<p>A partir de este martes 5 de septiembre, cuando el personal de la comuna llegue hasta la Escuela de Educaci\u00f3n Secundaria N\u00ba 2, la Municipalidad de Necochea comenzar\u00e1 a implementar, a modo de pol\u00edtica de Estado para mejorar la educaci\u00f3n y la seguridad vial en el distrito, las charlas para principiantes en los quintos y sextos a\u00f1os de cada establecimiento educativo, con el fin de preparar te\u00f3ricamente a quienes est\u00e9n por sacar su licencia de conducir por primera vez.<\/p>\n<p>Para brindar detalles al respecto, Juan Manuel Laportilla, director General de Control Urbano, explic\u00f3 acerca del proyecto que \u201cla idea principal fue acercarnos a los colegios en el marco de unas charlas obligatorias que necesitan las personas para pedir por primera vez su licencia de conducir, y hemos notado que los j\u00f3venes en la edad de entre quinto y sexto a\u00f1o, cuando dictamos esta charla en el Sal\u00f3n (de Actos) municipal, est\u00e1n cursando o en extracurriculares, y no pod\u00edan asistir\u201d.<\/p>\n<p>En ese marco, \u201cfue una pol\u00edtica generada entre la Secretar\u00eda de Desarrollo (Humano y Pol\u00edticas Sociales), la Secretar\u00eda de Gobierno y el intendente Arturo Rojas, quienes decidimos acercar el Estado a los colegios\u201d.<\/p>\n<p>Luego de la primera charla en el establecimiento de la Villa balnearia, \u201clo que se va a hacer es coordinar con todos los colegios en ese nivel\u201d, para llegar con el curso, ya que \u201cson las personas que pueden tramitar su licencia\u201d.<\/p>\n<p>Asimismo, el funcionario destac\u00f3 que \u201clo bueno de todo esto es que los chicos ya van a tener el certificado que se emite\u201d al finalizar la charla, \u201cque es el que solicita la Agencia Nacional de Seguridad Vial\u201d; y asegur\u00f3 que se va a coordinar con las delegaciones del interior del distrito para llevar la capacitaci\u00f3n a cada localidad.<\/p>\n<p>Por \u00faltimo, Laportilla tambi\u00e9n resalt\u00f3 que, \u201cgeneralmente, todas las personas participan de la charla por la web de la p\u00e1gina oficial de la Agencia\u201d, en cambio el municipio de Necochea, implementando una pol\u00edtica de Estado que impulsa la educaci\u00f3n y la seguridad vial, es \u201cuno de los pocos en la Provincia de Buenos Aires que brinda esta charla de forma presencial\u201d.<\/p>\n","protected":false},"excerpt":{"rendered":"<p>A partir de este martes 5 de septiembre, cuando el personal de la comuna llegue hasta la Escuela de Educaci\u00f3n Secundaria N\u00ba 2, la Municipalidad de Necochea comenzar\u00e1 a implementar, a modo de pol\u00edtica de Estado para mejorar la educaci\u00f3n y la seguridad vial en el distrito, las charlas para principiantes en los quintos y [&hellip;]<\/p>\n","protected":false},"author":3,"featured_media":103386,"comment_status":"open","ping_status":"open","sticky":false,"template":"","format":"standard","meta":{"footnotes":""},"categories":[3],"tags":[],"class_list":["post-103385","post","type-post","status-publish","format-standard","has-post-thumbnail","category-masnoticias"],"_links":{"self":[{"href":"https:\/\/primicias2262.com\/noticias\/wp-json\/wp\/v2\/posts\/103385","targetHints":{"allow":["GET"]}}],"collection":[{"href":"https:\/\/primicias2262.com\/noticias\/wp-json\/wp\/v2\/posts"}],"about":[{"href":"https:\/\/primicias2262.com\/noticias\/wp-json\/wp\/v2\/types\/post"}],"author":[{"embeddable":true,"href":"https:\/\/primicias2262.com\/noticias\/wp-json\/wp\/v2\/users\/3"}],"replies":[{"embeddable":true,"href":"https:\/\/primicias2262.com\/noticias\/wp-json\/wp\/v2\/comments?post=103385"}],"version-history":[{"count":2,"href":"https:\/\/primicias2262.com\/noticias\/wp-json\/wp\/v2\/posts\/103385\/revisions"}],"predecessor-version":[{"id":103408,"href":"https:\/\/primicias2262.com\/noticias\/wp-json\/wp\/v2\/posts\/103385\/revisions\/103408"}],"wp:featuredmedia":[{"embeddable":true,"href":"https:\/\/primicias2262.com\/noticias\/wp-json\/wp\/v2\/media\/103386"}],"wp:attachment":[{"href":"https:\/\/primicias2262.com\/noticias\/wp-json\/wp\/v2\/media?parent=103385"}],"wp:term":[{"taxonomy":"category","embeddable":true,"href":"https:\/\/primicias2262.com\/noticias\/wp-json\/wp\/v2\/categories?post=103385"},{"taxonomy":"post_tag","embeddable":true,"href":"https:\/\/primicias2262.com\/noticias\/wp-json\/wp\/v2\/tags?post=103385"}],"curies":[{"name":"wp","href":"https:\/\/api.w.org\/{rel}","templated":true}]}}