{"id":103400,"date":"2023-09-04T16:25:13","date_gmt":"2023-09-04T16:25:13","guid":{"rendered":"https:\/\/primicias2262.com\/noticias\/?p=103400"},"modified":"2023-09-05T19:43:01","modified_gmt":"2023-09-05T19:43:01","slug":"pami-un-mes-despues-del-ciberataque-se-siguio-funcionando-de-manera-mas-precaria-pero-no-se-detuvo-el-servicio","status":"publish","type":"post","link":"https:\/\/primicias2262.com\/noticias\/pami-un-mes-despues-del-ciberataque-se-siguio-funcionando-de-manera-mas-precaria-pero-no-se-detuvo-el-servicio\/","title":{"rendered":"PAMI un mes despu\u00e9s del ciberataque: \u201cSe sigui\u00f3 funcionando de manera m\u00e1s precaria pero no se detuvo el servicio\u201d"},"content":{"rendered":"<p><strong>As\u00ed lo manifest\u00f3 el titular de PAMI de Necochea, Gerardo Dur\u00e1n, luego de aquel hackeo masivo que sufri\u00f3 la obra social a nivel nacional el pasado 2 de agosto.<\/strong><\/p>\n<p>Ante la consulta del periodista Jorge G\u00f3mez en \u201cVoces de la Ciudad\u201d, Dur\u00e1n se\u00f1al\u00f3 que \u201cdespu\u00e9s del ciberataque los sistemas inform\u00e1ticos se fueron restableciendo de a poco y hoy por hoy ya est\u00e1n en funciones los sistemas para los m\u00e9dicos de cabeceras, para que puedan emitir recetas y \u00f3rdenes, lo que todav\u00eda no est\u00e1 es la normalidad de todas las agencias en el pa\u00eds\u201d.<\/p>\n<p>Por lo tanto, reconoci\u00f3 que \u201cnosotros hemos estado muy restringidos para ofrecer servicio o evacuar las dudas de los afiliados que se presentan en el mostrador de la agencia cada d\u00eda\u201d. Es decir, \u201clos afiliados ya se pueden autogestionar desde la p\u00e1gina, pero no as\u00ed nosotros desde la agencia, y por ello hay que pedir disculpas a los afiliados por las molestias ocasionadas\u201d, expres\u00f3.<\/p>\n<p>De todas formas, Dur\u00e1n rescat\u00f3 que as\u00ed y todo \u201cel sistema sigui\u00f3 funcionando de manera precaria y manual en cuanto a la atenci\u00f3n de farmacias y laboratorio de an\u00e1lisis cl\u00ednicos, es decir, las prestaciones se siguieron dando en forma de papel, en todo momento sigui\u00f3 funcionando de manera m\u00e1s precaria desde lo administrativo, pero no se detuvo y de a poco se va normalizando a nivel pa\u00eds\u201d.<\/p>\n<p>\u201cPAMI tiene muchos sistemas inform\u00e1ticos para medicaci\u00f3n y prestaci\u00f3n, incluso para lo administrativo interno tambi\u00e9n y todo se vio afectado l\u00f3gicamente, termin\u00e1ndose de hacer algunas cosas a mano, a la vieja usanza\u201d, acot\u00f3.<\/p>\n<p>Finalmente, el titular local de PAMI record\u00f3 que entre Necochea y Quequ\u00e9n cuentan con unos 20 mil afiliados, y se atiende a diario de 7 a 14. Ante esta contingencia, valor\u00f3 que \u201chemos tenido una colaboraci\u00f3n importante de los prestadores en esto, todos nos han dado una mano en ese sentido\u201d.<\/p>\n","protected":false},"excerpt":{"rendered":"<p>As\u00ed lo manifest\u00f3 el titular de PAMI de Necochea, Gerardo Dur\u00e1n, luego de aquel hackeo masivo que sufri\u00f3 la obra social a nivel nacional el pasado 2 de agosto. Ante la consulta del periodista Jorge G\u00f3mez en \u201cVoces de la Ciudad\u201d, Dur\u00e1n se\u00f1al\u00f3 que \u201cdespu\u00e9s del ciberataque los sistemas inform\u00e1ticos se fueron restableciendo de a [&hellip;]<\/p>\n","protected":false},"author":3,"featured_media":102552,"comment_status":"open","ping_status":"open","sticky":false,"template":"","format":"standard","meta":{"footnotes":""},"categories":[3],"tags":[],"class_list":["post-103400","post","type-post","status-publish","format-standard","has-post-thumbnail","category-masnoticias"],"_links":{"self":[{"href":"https:\/\/primicias2262.com\/noticias\/wp-json\/wp\/v2\/posts\/103400","targetHints":{"allow":["GET"]}}],"collection":[{"href":"https:\/\/primicias2262.com\/noticias\/wp-json\/wp\/v2\/posts"}],"about":[{"href":"https:\/\/primicias2262.com\/noticias\/wp-json\/wp\/v2\/types\/post"}],"author":[{"embeddable":true,"href":"https:\/\/primicias2262.com\/noticias\/wp-json\/wp\/v2\/users\/3"}],"replies":[{"embeddable":true,"href":"https:\/\/primicias2262.com\/noticias\/wp-json\/wp\/v2\/comments?post=103400"}],"version-history":[{"count":1,"href":"https:\/\/primicias2262.com\/noticias\/wp-json\/wp\/v2\/posts\/103400\/revisions"}],"predecessor-version":[{"id":103401,"href":"https:\/\/primicias2262.com\/noticias\/wp-json\/wp\/v2\/posts\/103400\/revisions\/103401"}],"wp:featuredmedia":[{"embeddable":true,"href":"https:\/\/primicias2262.com\/noticias\/wp-json\/wp\/v2\/media\/102552"}],"wp:attachment":[{"href":"https:\/\/primicias2262.com\/noticias\/wp-json\/wp\/v2\/media?parent=103400"}],"wp:term":[{"taxonomy":"category","embeddable":true,"href":"https:\/\/primicias2262.com\/noticias\/wp-json\/wp\/v2\/categories?post=103400"},{"taxonomy":"post_tag","embeddable":true,"href":"https:\/\/primicias2262.com\/noticias\/wp-json\/wp\/v2\/tags?post=103400"}],"curies":[{"name":"wp","href":"https:\/\/api.w.org\/{rel}","templated":true}]}}