{"id":103402,"date":"2023-09-04T16:31:54","date_gmt":"2023-09-04T16:31:54","guid":{"rendered":"https:\/\/primicias2262.com\/noticias\/?p=103402"},"modified":"2023-09-06T14:32:00","modified_gmt":"2023-09-06T14:32:00","slug":"todos-los-dias-recorro-la-costa-y-ya-se-murieron-alrededor-de-210-ejemplares-de-lobos-marinos","status":"publish","type":"post","link":"https:\/\/primicias2262.com\/noticias\/todos-los-dias-recorro-la-costa-y-ya-se-murieron-alrededor-de-210-ejemplares-de-lobos-marinos\/","title":{"rendered":"\u201cTodos los d\u00edas recorro la costa y ya se murieron alrededor de 210 ejemplares de lobos marinos\u201d"},"content":{"rendered":"<p><strong>As\u00ed lo inform\u00f3 en \u201cVoces de la Ciudad\u201d, el abogado Carlos Alberto Leo, quien dedica parte de su vida a la protecci\u00f3n de la fauna y en charla con el periodista Jorge G\u00f3mez lament\u00f3 el importante porcentaje de lobos de la colonia local que han fallecido como v\u00edctimas de la gripe aviar.<\/strong><\/p>\n<p>En su reporte de este lunes comunic\u00f3 que \u201cya se muri\u00f3 casi un 30% de la poblaci\u00f3n de lobos marinos de Necochea, hasta ahora alrededor de 210 ejemplares de Necochea, Quequ\u00e9n y hasta Costa Bonita\u201d.<\/p>\n<p>En comparaci\u00f3n, Leo apunt\u00f3 que \u201cen la Patagonia murieron m\u00e1s de 80 en R\u00edo Negro, y han muerto m\u00e1s de 70 lobos en Mar del Plata\u201d, aportando que \u201cac\u00e1 yo recorro todos los d\u00edas la costa, y si bien en el verano llegu\u00e9 a contar hasta 1100 lobos, de forma estable no se superaba los 850 o 900 ejemplares\u201d, por lo que la cantidad que muri\u00f3 ac\u00e1 \u201ccoincide con las muertes suscitadas en la Patagonia\u201d.<\/p>\n<p>M\u00e1s all\u00e1 de los lobos que aparecen muertos en el lugar, al ser consultado sobre qu\u00e9 hacer si se halla uno sin vida pero m\u00e1s bien alejado de la colonia, inform\u00f3 que \u201chay que avisar r\u00e1pidamente al SENASA, al 147 o 106\u201d, y para concluir pidi\u00f3 que \u201cse necesita informaci\u00f3n, carteler\u00eda, folletos, alguna personalidad oficial que hable sobre el tema y nos calme a los habitantes de Necochea y Quequ\u00e9n\u201d.<\/p>\n","protected":false},"excerpt":{"rendered":"<p>As\u00ed lo inform\u00f3 en \u201cVoces de la Ciudad\u201d, el abogado Carlos Alberto Leo, quien dedica parte de su vida a la protecci\u00f3n de la fauna y en charla con el periodista Jorge G\u00f3mez lament\u00f3 el importante porcentaje de lobos de la colonia local que han fallecido como v\u00edctimas de la gripe aviar. En su reporte [&hellip;]<\/p>\n","protected":false},"author":3,"featured_media":102766,"comment_status":"open","ping_status":"open","sticky":false,"template":"","format":"standard","meta":{"footnotes":""},"categories":[3],"tags":[],"class_list":["post-103402","post","type-post","status-publish","format-standard","has-post-thumbnail","category-masnoticias"],"_links":{"self":[{"href":"https:\/\/primicias2262.com\/noticias\/wp-json\/wp\/v2\/posts\/103402","targetHints":{"allow":["GET"]}}],"collection":[{"href":"https:\/\/primicias2262.com\/noticias\/wp-json\/wp\/v2\/posts"}],"about":[{"href":"https:\/\/primicias2262.com\/noticias\/wp-json\/wp\/v2\/types\/post"}],"author":[{"embeddable":true,"href":"https:\/\/primicias2262.com\/noticias\/wp-json\/wp\/v2\/users\/3"}],"replies":[{"embeddable":true,"href":"https:\/\/primicias2262.com\/noticias\/wp-json\/wp\/v2\/comments?post=103402"}],"version-history":[{"count":1,"href":"https:\/\/primicias2262.com\/noticias\/wp-json\/wp\/v2\/posts\/103402\/revisions"}],"predecessor-version":[{"id":103403,"href":"https:\/\/primicias2262.com\/noticias\/wp-json\/wp\/v2\/posts\/103402\/revisions\/103403"}],"wp:featuredmedia":[{"embeddable":true,"href":"https:\/\/primicias2262.com\/noticias\/wp-json\/wp\/v2\/media\/102766"}],"wp:attachment":[{"href":"https:\/\/primicias2262.com\/noticias\/wp-json\/wp\/v2\/media?parent=103402"}],"wp:term":[{"taxonomy":"category","embeddable":true,"href":"https:\/\/primicias2262.com\/noticias\/wp-json\/wp\/v2\/categories?post=103402"},{"taxonomy":"post_tag","embeddable":true,"href":"https:\/\/primicias2262.com\/noticias\/wp-json\/wp\/v2\/tags?post=103402"}],"curies":[{"name":"wp","href":"https:\/\/api.w.org\/{rel}","templated":true}]}}