{"id":103404,"date":"2023-09-04T16:48:29","date_gmt":"2023-09-04T16:48:29","guid":{"rendered":"https:\/\/primicias2262.com\/noticias\/?p=103404"},"modified":"2023-09-05T21:37:24","modified_gmt":"2023-09-05T21:37:24","slug":"director-de-el-banquete-quiero-compartir-el-pre-estreno-con-la-comunidad-porque-fue-una-experiencia-maravillosa","status":"publish","type":"post","link":"https:\/\/primicias2262.com\/noticias\/director-de-el-banquete-quiero-compartir-el-pre-estreno-con-la-comunidad-porque-fue-una-experiencia-maravillosa\/","title":{"rendered":"Director de \u201cEl Banquete\u201d: \u201cQuiero compartir el pre estreno con la comunidad\u00a0 porque fue una experiencia maravillosa\u201d"},"content":{"rendered":"<p><strong>El director, productor, co-guionista y editor, Federico Badia, director de la pel\u00edcula \u201cEl Banquete\u201d, que fue filmada en Necochea, expres\u00f3 en \u201cVoces de la Ciudad\u201d sus sensaciones en las horas previas al pre estreno, que se realizar\u00e1 este jueves 7 a partir de las 20 en la Sala 3 del Cine Ocean de nuestra ciudad.<\/strong><\/p>\n<p>Ante la consulta del periodista Jorge G\u00f3mez, Badia cont\u00f3 que \u201cfue muy especial y emocionante en el proceso de rodaje haber encontrado las locaciones que so\u00f1aba, como una playa al sur de Necochea, y luego lo que fue sucediendo durante el rodaje, los v\u00ednculos que fuimos generando, tanto con el municipio a trav\u00e9s de Mat\u00edas Sierra (secretario de Turismo y Desarrollo Productivo), que siempre mostr\u00f3 una predisposici\u00f3n enorme y colabor\u00f3 con informaci\u00f3n para que el rodaje se pudiera cumplir, como as\u00ed con la gente del Balneario Los \u00c1ngeles, que nos brind\u00f3 de entrada su apoyo\u201d.<\/p>\n<p>Fue \u201cdurante el rodaje que dec\u00edamos que si hay un lugar donde queremos hacer el pre estreno es ac\u00e1, queremos compartirlo y para nosotros es una especie de celebraci\u00f3n y finalizaci\u00f3n de un periplo largo, sinceramente queremos ir a Necochea y mostrarla ah\u00ed por primera vez\u201d, a excepci\u00f3n de una sola presentaci\u00f3n previa, \u201cque hice en Buenos Aires para t\u00e9cnicos y actores, esta va a ser la segunda vez que se vea la pel\u00edcula y la vamos a mantener en el Cine Ocean durante toda la semana, del jueves 7 al mi\u00e9rcoles 13\u201d, revel\u00f3.<\/p>\n<p>M\u00e1s all\u00e1 del film en s\u00ed, lo que resalta es una an\u00e9cdota que cont\u00f3 Badia, ya que la pel\u00edcula no ven\u00eda para Necochea inicialmente, ni siquiera cerca de ello: \u201cLa pel\u00edcula surge en forma personal, tiene el formato de cine independiente y es un proyecto personal que vengo desarrollando desde 2015 con un boceto, en 2017 fue aprobado por el Instituto Nacional de Cine y en 2019 cuando est\u00e1bamos listos para salir a filmar tuvimos que encerrarnos por la pandemia, as\u00ed que casi dos a\u00f1os despu\u00e9s pudimos retomar el proyecto, pero al retomarlo \u00e9ste cambi\u00f3 un poco\u201d.<\/p>\n<p>Describi\u00f3 seguidamente que \u201coriginalmente la pel\u00edcula estaba pensada para ser filmada fuera de Argentina, en co-producci\u00f3n con Cuba y productores en Miami, pero luego de la pandemia y todo lo que afect\u00f3 internacionalmente nos hizo replantear el proyecto y pensarlo \u00edntegramente nacional\u2026 ah\u00ed es donde empec\u00e9 a buscar locaciones y con muchas sorpresas encontr\u00e9 estas playas al sur de Necochea, donde est\u00e1 la Cueva del Tigre y el Balneario Los \u00c1ngeles\u201d.<\/p>\n<p>\u201cSon unas locaciones \u00a0magn\u00edficas, que incluso me inspiraron para una reformulaci\u00f3n del final de la pel\u00edcula, as\u00ed que los que quieran verla podr\u00e1n ver que el lugar se luce de manera maravillosa y se encontrar\u00e1n con un final completamente inesperado\u201d, agreg\u00f3 el director.<\/p>\n<p>Finalmente, Badia pronunci\u00f3 con alegr\u00eda que \u201cel jueves estar\u00e9 por la ma\u00f1ana en la ciudad, y a la tardecita noche est\u00e1 la convocatoria para la primera funci\u00f3n en el Cine Ocean, me quedo por lo menos hasta el s\u00e1bado a la noche\u2026 tengo mucho entusiasmo de visitarlos nuevamente, me llena de emoci\u00f3n y quiero compartir el pre estreno con la comunidad\u00a0 porque fue una experiencia maravillosa\u201d.<\/p>\n<p>\u201cEl Banquete\u201d se trata de una comedia dram\u00e1tica con elementos policiales que est\u00e1 ambientada en el contexto del Festival Internacional de Cine, protagonizada por el reconocido actor Gabriel \u201cPuma\u201d Goity<\/p>\n<p><a href=\"https:\/\/primicias2262.com\/noticias\/wp-content\/uploads\/2023\/09\/flyer-banquete.jpg\"><img loading=\"lazy\" decoding=\"async\" class=\"aligncenter size-full wp-image-103406\" src=\"https:\/\/primicias2262.com\/noticias\/wp-content\/uploads\/2023\/09\/flyer-banquete.jpg\" alt=\"\" width=\"730\" height=\"1044\" srcset=\"https:\/\/primicias2262.com\/noticias\/wp-content\/uploads\/2023\/09\/flyer-banquete.jpg 730w, https:\/\/primicias2262.com\/noticias\/wp-content\/uploads\/2023\/09\/flyer-banquete-210x300.jpg 210w, https:\/\/primicias2262.com\/noticias\/wp-content\/uploads\/2023\/09\/flyer-banquete-716x1024.jpg 716w, https:\/\/primicias2262.com\/noticias\/wp-content\/uploads\/2023\/09\/flyer-banquete-150x215.jpg 150w, https:\/\/primicias2262.com\/noticias\/wp-content\/uploads\/2023\/09\/flyer-banquete-300x429.jpg 300w, https:\/\/primicias2262.com\/noticias\/wp-content\/uploads\/2023\/09\/flyer-banquete-696x995.jpg 696w\" sizes=\"auto, (max-width: 730px) 100vw, 730px\" \/><\/a><\/p>\n","protected":false},"excerpt":{"rendered":"<p>El director, productor, co-guionista y editor, Federico Badia, director de la pel\u00edcula \u201cEl Banquete\u201d, que fue filmada en Necochea, expres\u00f3 en \u201cVoces de la Ciudad\u201d sus sensaciones en las horas previas al pre estreno, que se realizar\u00e1 este jueves 7 a partir de las 20 en la Sala 3 del Cine Ocean de nuestra ciudad. [&hellip;]<\/p>\n","protected":false},"author":3,"featured_media":103405,"comment_status":"open","ping_status":"open","sticky":false,"template":"","format":"standard","meta":{"footnotes":""},"categories":[3],"tags":[],"class_list":["post-103404","post","type-post","status-publish","format-standard","has-post-thumbnail","category-masnoticias"],"_links":{"self":[{"href":"https:\/\/primicias2262.com\/noticias\/wp-json\/wp\/v2\/posts\/103404","targetHints":{"allow":["GET"]}}],"collection":[{"href":"https:\/\/primicias2262.com\/noticias\/wp-json\/wp\/v2\/posts"}],"about":[{"href":"https:\/\/primicias2262.com\/noticias\/wp-json\/wp\/v2\/types\/post"}],"author":[{"embeddable":true,"href":"https:\/\/primicias2262.com\/noticias\/wp-json\/wp\/v2\/users\/3"}],"replies":[{"embeddable":true,"href":"https:\/\/primicias2262.com\/noticias\/wp-json\/wp\/v2\/comments?post=103404"}],"version-history":[{"count":1,"href":"https:\/\/primicias2262.com\/noticias\/wp-json\/wp\/v2\/posts\/103404\/revisions"}],"predecessor-version":[{"id":103409,"href":"https:\/\/primicias2262.com\/noticias\/wp-json\/wp\/v2\/posts\/103404\/revisions\/103409"}],"wp:featuredmedia":[{"embeddable":true,"href":"https:\/\/primicias2262.com\/noticias\/wp-json\/wp\/v2\/media\/103405"}],"wp:attachment":[{"href":"https:\/\/primicias2262.com\/noticias\/wp-json\/wp\/v2\/media?parent=103404"}],"wp:term":[{"taxonomy":"category","embeddable":true,"href":"https:\/\/primicias2262.com\/noticias\/wp-json\/wp\/v2\/categories?post=103404"},{"taxonomy":"post_tag","embeddable":true,"href":"https:\/\/primicias2262.com\/noticias\/wp-json\/wp\/v2\/tags?post=103404"}],"curies":[{"name":"wp","href":"https:\/\/api.w.org\/{rel}","templated":true}]}}