{"id":103420,"date":"2023-09-01T17:25:01","date_gmt":"2023-09-01T17:25:01","guid":{"rendered":"https:\/\/primicias2262.com\/noticias\/?p=103420"},"modified":"2023-09-07T17:36:53","modified_gmt":"2023-09-07T17:36:53","slug":"los-jugadores-de-la-seleccion-argentina-llegan-al-pais-para-el-inicio-de-las-eliminatorias","status":"publish","type":"post","link":"https:\/\/primicias2262.com\/noticias\/los-jugadores-de-la-seleccion-argentina-llegan-al-pais-para-el-inicio-de-las-eliminatorias\/","title":{"rendered":"Los jugadores de la Selecci\u00f3n argentina llegan al pa\u00eds para el inicio de las Eliminatorias"},"content":{"rendered":"<p><strong>Los jugadores de la Selecci\u00f3n argentina que fueron convocados por el entrenador Lionel Scaloni comenzaron a llegar al pa\u00eds para sumarse a la concentraci\u00f3n de cara al inicio de las Eliminatorias sudamericanas<\/strong>, en las que el conjunto albiceleste se medir\u00e1 el jueves con Ecuador y luego visitar\u00e1 el martes a Bolivia.<\/p>\n<p>El primero en arribar a la Argentina fue el mediocampista del Chelsea <strong>Enzo Fern\u00e1ndez<\/strong> este domingo, seguido por <strong>Leandro Paredes y Marcos Senesi<\/strong> de la Roma y el Bournemouth, respectivamente.<\/p>\n<p>Por la noche del domingo fue el turno del delantero del Manchester City <strong>Juli\u00e1n \u00c1lvarez<\/strong>, mientras que este lunes hicieron lo propio los arqueros <strong>Walter Ben\u00edtez y Juan Musso<\/strong>, adem\u00e1s de <strong>Exequiel Palacios.<\/strong><\/p>\n<p><strong>\u00abEstoy muy contento, cansado, pero siempre es bueno estar con la Selecci\u00f3n. Ahora vamos a disfrutar, entrenar y prepararnos para los objetivos que tenemos. Siempre es importante estar con la Selecci\u00f3n, trabajamos para eso y para m\u00ed es un orgullo poder estar ac\u00e1\u00bb<\/strong>, expres\u00f3 Ben\u00edtez en declaraciones a la prensa.<\/p>\n<p>M\u00e1s tarde aterrizaron en el pa\u00eds el resto de los futbolistas que juegan en la Premier League de Inglaterra: <strong>Emiliano \u00abDibu\u00bb Mart\u00ednez, Alexis Mac Allister, Alejandro Garnacho, Cristian Romero, Facundo Buonanotte y Lisandro Mart\u00ednez<\/strong>, quien ayer hab\u00eda encendido las alarmas al retirarse lesionado en la derrota del Manchester United ante Arsenal.<\/p>\n<p>Los \u00faltimos en arribar hasta el momento, provenientes de Espa\u00f1a, fueron <strong>Rodrigo De Paul, \u00c1ngel Correa, Nahuel Molina y Juan Foyth.<\/strong><\/p>\n<p>El capit\u00e1n <a href=\"https:\/\/noticiasargentinas.com\/deportes\/el-abrazo-de-messi-y-una-estrella-de-hollywood\" target=\"_blank\" rel=\"noopener\"><strong>Lionel Messi<\/strong><\/a> pisar\u00e1 suelo argentino entre este lunes a la noche y el martes por la ma\u00f1ana <a href=\"https:\/\/noticiasargentinas.com\/deportes\/los-angeles-fc-inter-miami-partido-mls-resultados-goles\" target=\"_blank\" rel=\"noopener\"><strong>luego de la victoria por 3 a 1 del Inter Miami sobre Los \u00c1ngeles FC<\/strong><\/a> por la Major League Soccer (MLS) de Estados Unidos.<\/p>\n<p>El cronograma de la Selecci\u00f3n argentina incluye dos entrenamientos, que ser\u00e1n esta tarde y ma\u00f1ana, antes de la conferencia que brindar\u00e1 Scaloni el mi\u00e9rcoles al mediod\u00eda y del partido del jueves en el estadio Monumental.<\/p>\n<h2>La siguiente es la lista completa de la Selecci\u00f3n argentina para el inicio de las Eliminatorias:<\/h2>\n<p><strong>Arqueros:<\/strong> Juan Musso (Atalanta), Emiliano Mart\u00ednez (Aston Villa), Walter Ben\u00edtez (PSV) y Franco Armani (River).<\/p>\n<p><strong>Defensores:<\/strong> Nahuel Molina (Atl\u00e9tico de Madrid), Germ\u00e1n Pezzella (Betis), Gonzalo Montiel (Nottingham Forest), Juan Foyth (Villarreal), Marcos Senesi (Bournemouth), Lisandro Mart\u00ednez (Manchester United), Cristian Romero (Tottenham), Nicol\u00e1s Tagliafico (Olympique Lyon), Lucas Esquivel (Athletico Paranaense) y Facundo Medina (Lens).<\/p>\n<p><strong>Mediocampistas:<\/strong> Leandro Paredes (AS Roma), Rodrigo De Paul (Atl\u00e9tico de Madrid), Guido Rodr\u00edguez (Betis), Facundo Buonanotte (Brighton), Enzo Fern\u00e1ndez (Chelsea), Alexis Mac Allister (Liverpool), Exequiel Palacios (Bayer 04), Nicol\u00e1s Otamendi (Benfica), Bruno Zapelli (Athletico Paranaense), Alan Velasco (FC Dallas) y Thiago Almada (Atlanta United).<\/p>\n<p><strong>Delanteros:<\/strong> Lionel Messi (Inter MIami), Lucas Beltr\u00e1n (Fiorentina), Nicol\u00e1s Gonz\u00e1lez (Fiorentina), Lautaro Mart\u00ednez (Inter de Milan), \u00c1ngel Correa (Atl\u00e9tico de Madrid), Juli\u00e1n \u00c1lvarez (Manchester City), Alejandro Garnacho (Manchester United) y \u00c1ngel Di Mar\u00eda (Benfica).<\/p>\n","protected":false},"excerpt":{"rendered":"<p>Los jugadores de la Selecci\u00f3n argentina que fueron convocados por el entrenador Lionel Scaloni comenzaron a llegar al pa\u00eds para sumarse a la concentraci\u00f3n de cara al inicio de las Eliminatorias sudamericanas, en las que el conjunto albiceleste se medir\u00e1 el jueves con Ecuador y luego visitar\u00e1 el martes a Bolivia. El primero en arribar [&hellip;]<\/p>\n","protected":false},"author":3,"featured_media":103421,"comment_status":"open","ping_status":"open","sticky":false,"template":"","format":"standard","meta":{"footnotes":""},"categories":[7],"tags":[],"class_list":{"0":"post-103420","1":"post","2":"type-post","3":"status-publish","4":"format-standard","5":"has-post-thumbnail","7":"category-nac"},"_links":{"self":[{"href":"https:\/\/primicias2262.com\/noticias\/wp-json\/wp\/v2\/posts\/103420","targetHints":{"allow":["GET"]}}],"collection":[{"href":"https:\/\/primicias2262.com\/noticias\/wp-json\/wp\/v2\/posts"}],"about":[{"href":"https:\/\/primicias2262.com\/noticias\/wp-json\/wp\/v2\/types\/post"}],"author":[{"embeddable":true,"href":"https:\/\/primicias2262.com\/noticias\/wp-json\/wp\/v2\/users\/3"}],"replies":[{"embeddable":true,"href":"https:\/\/primicias2262.com\/noticias\/wp-json\/wp\/v2\/comments?post=103420"}],"version-history":[{"count":2,"href":"https:\/\/primicias2262.com\/noticias\/wp-json\/wp\/v2\/posts\/103420\/revisions"}],"predecessor-version":[{"id":103485,"href":"https:\/\/primicias2262.com\/noticias\/wp-json\/wp\/v2\/posts\/103420\/revisions\/103485"}],"wp:featuredmedia":[{"embeddable":true,"href":"https:\/\/primicias2262.com\/noticias\/wp-json\/wp\/v2\/media\/103421"}],"wp:attachment":[{"href":"https:\/\/primicias2262.com\/noticias\/wp-json\/wp\/v2\/media?parent=103420"}],"wp:term":[{"taxonomy":"category","embeddable":true,"href":"https:\/\/primicias2262.com\/noticias\/wp-json\/wp\/v2\/categories?post=103420"},{"taxonomy":"post_tag","embeddable":true,"href":"https:\/\/primicias2262.com\/noticias\/wp-json\/wp\/v2\/tags?post=103420"}],"curies":[{"name":"wp","href":"https:\/\/api.w.org\/{rel}","templated":true}]}}