{"id":103423,"date":"2023-09-05T18:32:35","date_gmt":"2023-09-05T18:32:35","guid":{"rendered":"https:\/\/primicias2262.com\/noticias\/?p=103423"},"modified":"2023-09-06T17:16:26","modified_gmt":"2023-09-06T17:16:26","slug":"se-reprogramo-la-inauguracion-de-la-pista-de-atletismo-para-la-semana-venidera","status":"publish","type":"post","link":"https:\/\/primicias2262.com\/noticias\/se-reprogramo-la-inauguracion-de-la-pista-de-atletismo-para-la-semana-venidera\/","title":{"rendered":"Se reprogram\u00f3 la inauguraci\u00f3n de la pista de atletismo para la semana venidera"},"content":{"rendered":"<div class=\"elementor-element elementor-element-38a37d5 elementor-widget elementor-widget-theme-post-content\" data-id=\"38a37d5\" data-element_type=\"widget\" data-widget_type=\"theme-post-content.default\">\n<div class=\"elementor-widget-container\">\n<p><strong>Se inauguraba este viernes pero hay probabilidades de lluvias para el jueves por la noche, por lo que se pospuso el acto para la semana siguiente, a partir de las 13 hs.<\/strong><\/p>\n<p>Si bien el acto inaugural de la pista de atletismo municipal estaba previsto para este viernes a las 13 hs. en el predio del Polideportivo \u201cEdgardo Hugo Yelpo\u201d, por cuestiones clim\u00e1ticas el Departamento Ejecutivo Municipal informa que la ceremonia se reprogram\u00f3 para el mi\u00e9rcoles 13 de septiembre al mismo horario.<\/p>\n<p>Al respecto, el Servicio Meteorol\u00f3gico Nacional prev\u00e9 lluvias para la noche de la v\u00edspera a este viernes 8, por lo que se tom\u00f3 la decisi\u00f3n de postergar el acto de inauguraci\u00f3n y correrlo para la semana siguiente.<\/p>\n<p>En tanto, desde la Direcci\u00f3n de Deportes, a cargo de Guadalupe Hern\u00e1ndez, se confirm\u00f3 que el horario se mantiene y el mi\u00e9rcoles 13 de septiembre, si el clima lo permite, se estar\u00e1 inaugurando la ansiada pista de atletismo de Necochea a partir de las 13 hs. en las tierras del Polideportivo \u201cEdgardo Hugo Yelpo\u201d.<\/p>\n<\/div>\n<\/div>\n","protected":false},"excerpt":{"rendered":"<p>Se inauguraba este viernes pero hay probabilidades de lluvias para el jueves por la noche, por lo que se pospuso el acto para la semana siguiente, a partir de las 13 hs. Si bien el acto inaugural de la pista de atletismo municipal estaba previsto para este viernes a las 13 hs. en el predio [&hellip;]<\/p>\n","protected":false},"author":3,"featured_media":103424,"comment_status":"open","ping_status":"open","sticky":false,"template":"","format":"standard","meta":{"footnotes":""},"categories":[3],"tags":[],"class_list":["post-103423","post","type-post","status-publish","format-standard","has-post-thumbnail","category-masnoticias"],"_links":{"self":[{"href":"https:\/\/primicias2262.com\/noticias\/wp-json\/wp\/v2\/posts\/103423","targetHints":{"allow":["GET"]}}],"collection":[{"href":"https:\/\/primicias2262.com\/noticias\/wp-json\/wp\/v2\/posts"}],"about":[{"href":"https:\/\/primicias2262.com\/noticias\/wp-json\/wp\/v2\/types\/post"}],"author":[{"embeddable":true,"href":"https:\/\/primicias2262.com\/noticias\/wp-json\/wp\/v2\/users\/3"}],"replies":[{"embeddable":true,"href":"https:\/\/primicias2262.com\/noticias\/wp-json\/wp\/v2\/comments?post=103423"}],"version-history":[{"count":2,"href":"https:\/\/primicias2262.com\/noticias\/wp-json\/wp\/v2\/posts\/103423\/revisions"}],"predecessor-version":[{"id":103439,"href":"https:\/\/primicias2262.com\/noticias\/wp-json\/wp\/v2\/posts\/103423\/revisions\/103439"}],"wp:featuredmedia":[{"embeddable":true,"href":"https:\/\/primicias2262.com\/noticias\/wp-json\/wp\/v2\/media\/103424"}],"wp:attachment":[{"href":"https:\/\/primicias2262.com\/noticias\/wp-json\/wp\/v2\/media?parent=103423"}],"wp:term":[{"taxonomy":"category","embeddable":true,"href":"https:\/\/primicias2262.com\/noticias\/wp-json\/wp\/v2\/categories?post=103423"},{"taxonomy":"post_tag","embeddable":true,"href":"https:\/\/primicias2262.com\/noticias\/wp-json\/wp\/v2\/tags?post=103423"}],"curies":[{"name":"wp","href":"https:\/\/api.w.org\/{rel}","templated":true}]}}