{"id":103430,"date":"2023-09-05T21:35:35","date_gmt":"2023-09-05T21:35:35","guid":{"rendered":"https:\/\/primicias2262.com\/noticias\/?p=103430"},"modified":"2023-09-06T19:13:51","modified_gmt":"2023-09-06T19:13:51","slug":"hemos-agotado-las-instancias-para-poder-hablar-con-alvaro-asi-que-queremos-hablar-directamente-con-el-gobernador","status":"publish","type":"post","link":"https:\/\/primicias2262.com\/noticias\/hemos-agotado-las-instancias-para-poder-hablar-con-alvaro-asi-que-queremos-hablar-directamente-con-el-gobernador\/","title":{"rendered":"\u201cHemos agotado las instancias para poder hablar con \u00c1lvaro as\u00ed que queremos hablar directamente con el gobernador\u201d"},"content":{"rendered":"<p><strong>As\u00ed se expres\u00f3 el secretario general del SUPA, David \u00c1lvarez, en referencia a los focos de conflictos en el Puerto y la falta de respuestas por parte del presidente del Consorcio, Jorge \u00c1lvaro, ante lo cual apuntan directamente a ser recibidos por el gobernador Axel Kicillof.<\/strong><\/p>\n<p>Durante una nota realizada por el periodista Jorge G\u00f3mez, el secretario del Sindicato \u00danico Portuarios Argentinos con actividad en Puerto Quequ\u00e9n reafirm\u00f3 que siguen \u201cen estado de alerta y movilizaci\u00f3n por el atropello que hemos sufrido todos los gremios con este se\u00f1or que han puesto a dedo en el Consorcio para que nos represente\u201d, en referencia a Mariano Carrillo por UATRE, acotando que \u201ces una cosa il\u00f3gica, c\u00f3mo te van a imponer al que te va a representar supuestamente, ni quiera lo conocemos a este Carrillo ninguno de los gremios\u201d.<\/p>\n<p>\u00c1lvarez afirm\u00f3 que \u201csi fuera un representante de la gente se hubiera presentado y puesto a disposici\u00f3n de los gremios que supuestamente va a representar\u201d, y por otro lado manifest\u00f3 con enojo que \u201cno puede ser que siempre nos pase esto y la pol\u00edtica partidaria se meta dentro de la actividad portuaria, es lamentable, pero lo vamos a seguir por el lado de la Justicia y no lo vamos a dejar pasar\u201d.<\/p>\n<p><a href=\"https:\/\/primicias2262.com\/noticias\/wp-content\/uploads\/2023\/09\/alvarez.jpg\"><img loading=\"lazy\" decoding=\"async\" class=\"aligncenter size-full wp-image-103431\" src=\"https:\/\/primicias2262.com\/noticias\/wp-content\/uploads\/2023\/09\/alvarez.jpg\" alt=\"\" width=\"224\" height=\"225\" srcset=\"https:\/\/primicias2262.com\/noticias\/wp-content\/uploads\/2023\/09\/alvarez.jpg 224w, https:\/\/primicias2262.com\/noticias\/wp-content\/uploads\/2023\/09\/alvarez-150x151.jpg 150w\" sizes=\"auto, (max-width: 224px) 100vw, 224px\" \/><\/a><\/p>\n<p>Respecto al presidente del Consorcio de Gesti\u00f3n de Puerto Quequ\u00e9n, Jorge \u00c1lvaro, revel\u00f3 que \u201cno intent\u00f3 comunicarse para nada, nosotros hemos ido y hemos pasado notas, al igual que el gremio de Terminal Quequ\u00e9n que es el m\u00e1s afectado, pero no nos ha escuchado, y ahora que est\u00e1 en Necochea se re\u00fane con personas que no est\u00e1n en conflicto, cuando en realidad nos tendr\u00eda que haber llamado enseguida a todos los gremios\u201d.<\/p>\n<p>\u201cVamos a ver hasta d\u00f3nde nos llega a perjudicar esto, porque nos vemos perjudicados con los jornales y barcos que se van, pero parece que a esta gente no le importa nada y siguen con las mismas medidas, no quieren escuchar y como est\u00e1n devolviendo favores a trav\u00e9s de cargos pasan estas cosas\u201d, argument\u00f3 el representante de SUPA, para recalcar que \u201ca lo largo de estos tres a\u00f1os nos hemos visto tapado de promesas que no se cumplieron, en su gesti\u00f3n (por \u00c1lvaro) no se ha hecho nada, ni siquiera se ha arreglado un asfalto en las zonas primarias y secundarias del puerto, no ha habido nada m\u00e1s que promesas incumplidas en su gesti\u00f3n\u201d.<\/p>\n<p>Mientras que, en cuanto a Carrillo, se\u00f1al\u00f3 que \u201cno solo no fuimos consultados, sino que ni nos invitaron a participar de la postulaci\u00f3n, o sea que menos se nos pregunt\u00f3 sobre la persona que nos iba\u00a0a representar\u201d.<\/p>\n<p>Finalmente, al ser consultado sobre la medida de conciliaci\u00f3n obligatoria por parte del M inisterio de Trabajo de la Provincia, David \u00c1lvarez dej\u00f3 a entender que es m\u00e1s de lo mismo: \u201cLa semana pasada nos llam\u00f3 el Ministerio de Trabajo para acercar las partes, pero ac\u00e1 el problema es la Provincia, que no est\u00e1 haciendo las cosas como tiene que hacerlas, y a la misma vez nos manda a hablar con sus empleados, que son los del Ministerio, entonces as\u00ed c\u00f3mo se va a resolver algo as\u00ed, lo cierto es que no hay voluntad de resolver esto\u201d.<\/p>\n<p>Por lo tanto, opin\u00f3 al cierre que \u201ccreo que hemos agotado las instancias para poder hablar con \u00c1lvaro y es lamentable, as\u00ed que queremos hablar directamente con el gobernador (Axel Kicillof), que nos d\u00e9 una reuni\u00f3n y se digne a atendernos porque el Puerto es uno de los m\u00e1s importantes del pa\u00eds y con esta gente que han mandado se le est\u00e1 haciendo mucho da\u00f1o al puerto en s\u00ed. No vamos a ceder de ninguna manera aunque esto pase a mayores\u201d.<\/p>\n","protected":false},"excerpt":{"rendered":"<p>As\u00ed se expres\u00f3 el secretario general del SUPA, David \u00c1lvarez, en referencia a los focos de conflictos en el Puerto y la falta de respuestas por parte del presidente del Consorcio, Jorge \u00c1lvaro, ante lo cual apuntan directamente a ser recibidos por el gobernador Axel Kicillof. Durante una nota realizada por el periodista Jorge G\u00f3mez, [&hellip;]<\/p>\n","protected":false},"author":3,"featured_media":103207,"comment_status":"open","ping_status":"open","sticky":false,"template":"","format":"standard","meta":{"footnotes":""},"categories":[3],"tags":[],"class_list":["post-103430","post","type-post","status-publish","format-standard","has-post-thumbnail","category-masnoticias"],"_links":{"self":[{"href":"https:\/\/primicias2262.com\/noticias\/wp-json\/wp\/v2\/posts\/103430","targetHints":{"allow":["GET"]}}],"collection":[{"href":"https:\/\/primicias2262.com\/noticias\/wp-json\/wp\/v2\/posts"}],"about":[{"href":"https:\/\/primicias2262.com\/noticias\/wp-json\/wp\/v2\/types\/post"}],"author":[{"embeddable":true,"href":"https:\/\/primicias2262.com\/noticias\/wp-json\/wp\/v2\/users\/3"}],"replies":[{"embeddable":true,"href":"https:\/\/primicias2262.com\/noticias\/wp-json\/wp\/v2\/comments?post=103430"}],"version-history":[{"count":2,"href":"https:\/\/primicias2262.com\/noticias\/wp-json\/wp\/v2\/posts\/103430\/revisions"}],"predecessor-version":[{"id":103447,"href":"https:\/\/primicias2262.com\/noticias\/wp-json\/wp\/v2\/posts\/103430\/revisions\/103447"}],"wp:featuredmedia":[{"embeddable":true,"href":"https:\/\/primicias2262.com\/noticias\/wp-json\/wp\/v2\/media\/103207"}],"wp:attachment":[{"href":"https:\/\/primicias2262.com\/noticias\/wp-json\/wp\/v2\/media?parent=103430"}],"wp:term":[{"taxonomy":"category","embeddable":true,"href":"https:\/\/primicias2262.com\/noticias\/wp-json\/wp\/v2\/categories?post=103430"},{"taxonomy":"post_tag","embeddable":true,"href":"https:\/\/primicias2262.com\/noticias\/wp-json\/wp\/v2\/tags?post=103430"}],"curies":[{"name":"wp","href":"https:\/\/api.w.org\/{rel}","templated":true}]}}