{"id":103433,"date":"2023-09-06T14:31:43","date_gmt":"2023-09-06T14:31:43","guid":{"rendered":"https:\/\/primicias2262.com\/noticias\/?p=103433"},"modified":"2023-09-07T16:26:08","modified_gmt":"2023-09-07T16:26:08","slug":"la-estrategia-para-la-eleccion-fue-muy-mala-y-los-radicales-de-necochea-nos-merecemos-un-debate","status":"publish","type":"post","link":"https:\/\/primicias2262.com\/noticias\/la-estrategia-para-la-eleccion-fue-muy-mala-y-los-radicales-de-necochea-nos-merecemos-un-debate\/","title":{"rendered":"\u201cLa estrategia para la elecci\u00f3n fue muy mala y los radicales de Necochea nos merecemos un debate\u201d"},"content":{"rendered":"<p><strong>De esa manera, el tesorero del comit\u00e9 radical, Fabi\u00e1n Solari, argument\u00f3 en \u201cVoces de la Ciudad\u201d por qu\u00e9 solicitaron la convocatoria a un plenario de todo el partido ante la presidencia del \u201cEmiliano Ab\u00e1solo\u201d, encarnada en Carola Bertoldi.<\/strong><\/p>\n<p>Ante la consulta del periodista Jorge G\u00f3mez, Solari se refiri\u00f3 a la nota que realizaron junto con Paula Cocco y dem\u00e1s integrantes de la Mesa de Conducci\u00f3n del comit\u00e9, solicitando la realizaci\u00f3n de un plenario para analizar c\u00f3mo qued\u00f3 el mapa del radicalismo luego de las PASO del 13 de agosto pasado y realizar un balance de las elecciones del radicalismo, cuya lista se termin\u00f3 integrando a la del candidato a intendente por el PRO, Mart\u00edn Migueles.<\/p>\n<p>Solari afirm\u00f3 que \u201cdesde mi punto de vista ha sido una elecci\u00f3n muy mala. Es bien clara que la estrategia fue muy mala, es m\u00e1s, hay candidatos que fueron en la lista de Migueles que ped\u00edan candidato \u00fanico del radicalismo, pidieron que se vote en asamblea un candidato \u00fanico y terminaron acompa\u00f1ando la lista del PRO siendo precandidatos a concejales, y siendo parte de la Mesa de Conducci\u00f3n del radicalismo\u201d, en referencia a Rodrigo Irigoyen y Dolores Souto.<\/p>\n<p>A\u00f1adi\u00f3 que \u201cpor todo esto que ha sucedido creo que los radicales de Necochea nos merecemos un debate y una charla para ver c\u00f3mo continuamos\u201d, acotando que de hehco \u201chay sectores del radicalismo que no han sido convocados para fiscalizar ni para participar de la \u00faltima elecci\u00f3n que hubo\u201d.<\/p>\n<p>Solari agreg\u00f3 que \u201cno estuvimos de acuerdo en c\u00f3mo se llevaron las cosas adelante, pero una vez que result\u00f3 que Dami\u00e1n Unibaso iba a ser el candidato del radicalismo, en la medida en que nos dieron participaci\u00f3n, participamos\u201d, aunque dej\u00f3 entrever que \u201cla Mesa de Conducci\u00f3n que componemos junto a Paula Cocco nos enteramos lo de Unibaso por los medios, entonces hay cosas que se manejan muy mal, por eso queremos que todos los radicales nos juntemos en el comit\u00e9 y aclaremos c\u00f3mo seguimos para adelante\u201d.<\/p>\n<p>Finalmente se le pregunt\u00f3 si todos los radicales votar\u00e1 a Mart\u00edn Migueles en octubre, acerca de lo que defini\u00f3 como \u201cuna gran inc\u00f3gnita\u201d, y recalc\u00f3 que \u201csalvo una foto con Dami\u00e1n Unibaso y Carola Bertoldi, no he visto que del sector de Mart\u00edn Migueles hayan llamado a una integraci\u00f3n, aunque imagino que se estar\u00e1n tomando el tiempo para ello\u201d.<\/p>\n","protected":false},"excerpt":{"rendered":"<p>De esa manera, el tesorero del comit\u00e9 radical, Fabi\u00e1n Solari, argument\u00f3 en \u201cVoces de la Ciudad\u201d por qu\u00e9 solicitaron la convocatoria a un plenario de todo el partido ante la presidencia del \u201cEmiliano Ab\u00e1solo\u201d, encarnada en Carola Bertoldi. Ante la consulta del periodista Jorge G\u00f3mez, Solari se refiri\u00f3 a la nota que realizaron junto con [&hellip;]<\/p>\n","protected":false},"author":3,"featured_media":103434,"comment_status":"open","ping_status":"open","sticky":false,"template":"","format":"standard","meta":{"footnotes":""},"categories":[3],"tags":[],"class_list":["post-103433","post","type-post","status-publish","format-standard","has-post-thumbnail","category-masnoticias"],"_links":{"self":[{"href":"https:\/\/primicias2262.com\/noticias\/wp-json\/wp\/v2\/posts\/103433","targetHints":{"allow":["GET"]}}],"collection":[{"href":"https:\/\/primicias2262.com\/noticias\/wp-json\/wp\/v2\/posts"}],"about":[{"href":"https:\/\/primicias2262.com\/noticias\/wp-json\/wp\/v2\/types\/post"}],"author":[{"embeddable":true,"href":"https:\/\/primicias2262.com\/noticias\/wp-json\/wp\/v2\/users\/3"}],"replies":[{"embeddable":true,"href":"https:\/\/primicias2262.com\/noticias\/wp-json\/wp\/v2\/comments?post=103433"}],"version-history":[{"count":2,"href":"https:\/\/primicias2262.com\/noticias\/wp-json\/wp\/v2\/posts\/103433\/revisions"}],"predecessor-version":[{"id":103464,"href":"https:\/\/primicias2262.com\/noticias\/wp-json\/wp\/v2\/posts\/103433\/revisions\/103464"}],"wp:featuredmedia":[{"embeddable":true,"href":"https:\/\/primicias2262.com\/noticias\/wp-json\/wp\/v2\/media\/103434"}],"wp:attachment":[{"href":"https:\/\/primicias2262.com\/noticias\/wp-json\/wp\/v2\/media?parent=103433"}],"wp:term":[{"taxonomy":"category","embeddable":true,"href":"https:\/\/primicias2262.com\/noticias\/wp-json\/wp\/v2\/categories?post=103433"},{"taxonomy":"post_tag","embeddable":true,"href":"https:\/\/primicias2262.com\/noticias\/wp-json\/wp\/v2\/tags?post=103433"}],"curies":[{"name":"wp","href":"https:\/\/api.w.org\/{rel}","templated":true}]}}