{"id":103436,"date":"2023-09-06T17:16:05","date_gmt":"2023-09-06T17:16:05","guid":{"rendered":"https:\/\/primicias2262.com\/noticias\/?p=103436"},"modified":"2023-09-07T16:30:06","modified_gmt":"2023-09-07T16:30:06","slug":"martinez-y-las-reuniones-pos-incendio-en-la-galeria-hoy-el-acento-hay-que-ponerlo-en-ayudar-a-los-comerciantes","status":"publish","type":"post","link":"https:\/\/primicias2262.com\/noticias\/martinez-y-las-reuniones-pos-incendio-en-la-galeria-hoy-el-acento-hay-que-ponerlo-en-ayudar-a-los-comerciantes\/","title":{"rendered":"Mart\u00ednez y las reuniones pos incendio en la Galer\u00eda: \u201cHoy el acento hay que ponerlo en ayudar a los comerciantes\u201d"},"content":{"rendered":"<p><strong>El secretario de Gobierno, Jorge Mart\u00ednez, no dej\u00f3 de informar que los multipropietarios de comercios de la Galer\u00eda Central mantienen deudas millonarias por tasas del municipio, pero asegur\u00f3 que la prioridad hoy es brindarle una mano de inmediato a los comerciantes damnificados.<\/strong><\/p>\n<p>En \u201cVoces de la Ciudad\u201d, ante la llamada telef\u00f3nica del periodista Jorge G\u00f3mez, su tocayo Mart\u00ednez se refiri\u00f3 a las permanentes reuniones con los comerciantes de la Galer\u00eda Central, cuyos locales y mercader\u00eda han sido afectados por el humo del incendio: \u201cEn este caso nos acercamos con otros funcionarios de Producci\u00f3n y Electrot\u00e9cnica, junto al Ing. Gustavo Pardal para ver el estado de algunos comercios\u201d.<\/p>\n<p>En referencia a Pardal, Mart\u00ednez confirm\u00f3 que \u201chizo algunos estudios y vistas preliminares sobre el lugar y aconsej\u00f3 obrar solamente con el corredor seguro, porque hay riesgos estructurales que a\u00fan faltan evaluar y se aconseja un periodo de 30 d\u00edas por el polvillo que est\u00e1 en suspensi\u00f3n, as\u00ed que la perspectiva de una pronta apertura de los locales se vio que al menos hasta fin de mes no ser\u00e1 as\u00ed\u201d.<\/p>\n<p>M\u00e1s all\u00e1 de eso, el secretario de Gobierno revel\u00f3 en cuanto a medidas favorables que \u201cles comunicamos a aquellos comerciantes que se trasladan a otros comercios para seguir con su actividad de forma inmediata que ser\u00e1n eximidos en cuanto a gastos de electricidad y la aprobaci\u00f3n de temas burocr\u00e1ticos, y se har\u00e1 todo lo posible para que r\u00e1pidamente se pongan en funcionamiento\u201d, y agreg\u00f3 que su par de Turismo y EDesarrollo Productivo, Mat\u00edas Sierra, ha mantenido reuniones con gerentes de bancos que manejan algunas l\u00edneas de cr\u00e9dito para este tipo de casos\u201d.<\/p>\n<p>Seguidamente, Mart\u00ednez aclar\u00f3 que \u201cquienes se han sentado a charlar con nosotros a solicitar ayuda son los comerciantes verdaderamente damnificados, y tambi\u00e9n estuvo presente quien est\u00e1 a cargo de la nueva administraci\u00f3n del consorcio de la Galer\u00eda, Cristian Jensen Menna, a quien le plante\u00e1bamos que hay una pata fundamental en esta cuesti\u00f3n que son los multipropietarios que tienen deudas millonarias ante el consorcio y por eso la situaci\u00f3n a la que llegamos hoy con la falta de mantenimiento y el incumplimiento escandaloso\u201d.<\/p>\n<p>\u201cLo mismo pasa con las tasas\u201d, ampli\u00f3 Mart\u00ednez, apuntando que \u201cestamos pidiendo un informe para ver cu\u00e1l es la deuda de tasas de cada uno de los comercios que son de multipropietarios que adeudan mucho y en eso ser\u00e1 muy dif\u00edcil que el Estado Municipal o que el Concejo Deliberante tomen medias al respecto, as\u00ed que veremos qu\u00e9 se decide despu\u00e9s de los informes que eleve el Ejecutivo, por lo pronto hoy el acento hay que ponerlo en ayudar a los comerciantes, pero con los propietarios veremos cada caso en particular, aunque hay muchas deudas y muchas intimaciones de parte del Estado Municipal, es una situaci\u00f3n que se viene dando de hace muchos a\u00f1os\u201d.<\/p>\n","protected":false},"excerpt":{"rendered":"<p>El secretario de Gobierno, Jorge Mart\u00ednez, no dej\u00f3 de informar que los multipropietarios de comercios de la Galer\u00eda Central mantienen deudas millonarias por tasas del municipio, pero asegur\u00f3 que la prioridad hoy es brindarle una mano de inmediato a los comerciantes damnificados. En \u201cVoces de la Ciudad\u201d, ante la llamada telef\u00f3nica del periodista Jorge G\u00f3mez, [&hellip;]<\/p>\n","protected":false},"author":3,"featured_media":102222,"comment_status":"open","ping_status":"open","sticky":false,"template":"","format":"standard","meta":{"footnotes":""},"categories":[3],"tags":[],"class_list":["post-103436","post","type-post","status-publish","format-standard","has-post-thumbnail","category-masnoticias"],"_links":{"self":[{"href":"https:\/\/primicias2262.com\/noticias\/wp-json\/wp\/v2\/posts\/103436","targetHints":{"allow":["GET"]}}],"collection":[{"href":"https:\/\/primicias2262.com\/noticias\/wp-json\/wp\/v2\/posts"}],"about":[{"href":"https:\/\/primicias2262.com\/noticias\/wp-json\/wp\/v2\/types\/post"}],"author":[{"embeddable":true,"href":"https:\/\/primicias2262.com\/noticias\/wp-json\/wp\/v2\/users\/3"}],"replies":[{"embeddable":true,"href":"https:\/\/primicias2262.com\/noticias\/wp-json\/wp\/v2\/comments?post=103436"}],"version-history":[{"count":1,"href":"https:\/\/primicias2262.com\/noticias\/wp-json\/wp\/v2\/posts\/103436\/revisions"}],"predecessor-version":[{"id":103437,"href":"https:\/\/primicias2262.com\/noticias\/wp-json\/wp\/v2\/posts\/103436\/revisions\/103437"}],"wp:featuredmedia":[{"embeddable":true,"href":"https:\/\/primicias2262.com\/noticias\/wp-json\/wp\/v2\/media\/102222"}],"wp:attachment":[{"href":"https:\/\/primicias2262.com\/noticias\/wp-json\/wp\/v2\/media?parent=103436"}],"wp:term":[{"taxonomy":"category","embeddable":true,"href":"https:\/\/primicias2262.com\/noticias\/wp-json\/wp\/v2\/categories?post=103436"},{"taxonomy":"post_tag","embeddable":true,"href":"https:\/\/primicias2262.com\/noticias\/wp-json\/wp\/v2\/tags?post=103436"}],"curies":[{"name":"wp","href":"https:\/\/api.w.org\/{rel}","templated":true}]}}