{"id":103440,"date":"2023-09-06T17:39:53","date_gmt":"2023-09-06T17:39:53","guid":{"rendered":"https:\/\/primicias2262.com\/noticias\/?p=103440"},"modified":"2023-09-07T17:13:49","modified_gmt":"2023-09-07T17:13:49","slug":"no-veo-hoy-que-exista-del-lado-de-rivero-una-propuesta-clara-de-renovacion-de-union-por-la-patria","status":"publish","type":"post","link":"https:\/\/primicias2262.com\/noticias\/no-veo-hoy-que-exista-del-lado-de-rivero-una-propuesta-clara-de-renovacion-de-union-por-la-patria\/","title":{"rendered":"\u201cNo veo hoy que exista del lado de Rivero una propuesta clara de renovaci\u00f3n de Uni\u00f3n por la Patria\u201d"},"content":{"rendered":"<p><strong>As\u00ed lo expres\u00f3 el referente del Movimiento Evita, Luciano Lescano, quien reconoci\u00f3 que el presidente del PJ, Marcelo Rivero, fue un justo ganador de las PASO en Necochea por Uni\u00f3n por la Patria, pero que a\u00fan est\u00e1n a la espera de conocer sus propuestas.<\/strong><\/p>\n<p>Poco menos de un mes despu\u00e9s de las elecciones PASO, el periodista Jorge G\u00f3mez realiz\u00f3 una nota con Lescano para ver c\u00f3mo qued\u00f3 Uni\u00f3n por la Patria en Necochea de cara a octubre, y m\u00e1s teniendo en cuenta que tras integrarse la lista, Violeta P\u00e9rez Rosso, del Movimiento Evita, figura con segunda concejal suplente en vistas a las elecciones generales.<\/p>\n<p>Por lo pronto, quien apoyara la precandidatura del referente del Frente Renovador, Mauro Vel\u00e1zquez, se\u00f1al\u00f3 al inicio que \u201cde nuestra parte no se hizo la elecci\u00f3n que se esperaba, y creo que hay un claro mensaje de la poblaci\u00f3n sobre esta situaci\u00f3n que atraviesa al pa\u00eds y que afect\u00f3 a lo local, con la emergente de un personaje como Milei, lo cual sin dudas afect\u00f3 los resultados en lo local\u201d.<\/p>\n<p>Insisti\u00f3 Lescano en que \u201cla elecci\u00f3n no es la que esper\u00e1bamos y la lectura que hacemos es que un gran n\u00famero de votantes de Uni\u00f3n por la Patria vot\u00f3 por una opci\u00f3n que expresa una renovaci\u00f3n y caras nuevas\u201d, ya que \u201cm\u00e1s all\u00e1 de que Rivero sea un justo ganador, si juntamos los votos de Daniel \u201cYanqui\u201d L\u00f3pez y Mauro Vel\u00e1zquez, que son dirigentes nuevos y j\u00f3venes, y otro tipo de pol\u00edtica diferente a la del PJ, son 4500 personas que se manifestaron por una renovaci\u00f3n de Uni\u00f3n por la Patria\u201d.<\/p>\n<p>Fue en ese marco que el Prof. y otrora concejal afirm\u00f3 que \u201cno veo hoy que exista del lado de Rivero una propuesta clara de renovaci\u00f3n de Uni\u00f3n por la Patria, y lo que veo hasta el momento es cierto movimiento con encontrar apoyo en Provincia\u201d, y profundiz\u00f3: \u201cCreo que sigue existiendo un escenario de fragmentaci\u00f3n y lo que nos tiene que unir a nivel local es la defensa de un proyecto nacional que encabezan Sergio Massa y Axel Kicillof\u201d.<\/p>\n<p>En ese sentido, vio muy probable que haya un balotaje, y asever\u00f3 que \u201cuna figura como Javier Milei es un retroceso para el proceso democr\u00e1tico y haremos todo lo posible para generar conciencia de que lo peor que nos puede pasar como sociedad es tener un retroceso de los derechos democr\u00e1ticos y civiles, y un retroceso econ\u00f3mico\u201d.<\/p>\n<p>Pero por lo pronto, Lescano subray\u00f3 en que \u201cestamos a la espera de ver qu\u00e9 propuesta tiene Rivero y qu\u00e9 campa\u00f1a, fue un justo ganador, la lista se va a integrar y nosotros acompa\u00f1aremos la fiscalizaci\u00f3n de la elecci\u00f3n, pero hay una serie de propuestas que planteamos a la sociedad que tienen que ver con la renovaci\u00f3n de la pol\u00edtica y hasta ahora no vemos ning\u00fan tipo de gesto del espacio ganador\u201d.<\/p>\n","protected":false},"excerpt":{"rendered":"<p>As\u00ed lo expres\u00f3 el referente del Movimiento Evita, Luciano Lescano, quien reconoci\u00f3 que el presidente del PJ, Marcelo Rivero, fue un justo ganador de las PASO en Necochea por Uni\u00f3n por la Patria, pero que a\u00fan est\u00e1n a la espera de conocer sus propuestas. Poco menos de un mes despu\u00e9s de las elecciones PASO, el [&hellip;]<\/p>\n","protected":false},"author":3,"featured_media":102331,"comment_status":"open","ping_status":"open","sticky":false,"template":"","format":"standard","meta":{"footnotes":""},"categories":[3],"tags":[],"class_list":["post-103440","post","type-post","status-publish","format-standard","has-post-thumbnail","category-masnoticias"],"_links":{"self":[{"href":"https:\/\/primicias2262.com\/noticias\/wp-json\/wp\/v2\/posts\/103440","targetHints":{"allow":["GET"]}}],"collection":[{"href":"https:\/\/primicias2262.com\/noticias\/wp-json\/wp\/v2\/posts"}],"about":[{"href":"https:\/\/primicias2262.com\/noticias\/wp-json\/wp\/v2\/types\/post"}],"author":[{"embeddable":true,"href":"https:\/\/primicias2262.com\/noticias\/wp-json\/wp\/v2\/users\/3"}],"replies":[{"embeddable":true,"href":"https:\/\/primicias2262.com\/noticias\/wp-json\/wp\/v2\/comments?post=103440"}],"version-history":[{"count":1,"href":"https:\/\/primicias2262.com\/noticias\/wp-json\/wp\/v2\/posts\/103440\/revisions"}],"predecessor-version":[{"id":103441,"href":"https:\/\/primicias2262.com\/noticias\/wp-json\/wp\/v2\/posts\/103440\/revisions\/103441"}],"wp:featuredmedia":[{"embeddable":true,"href":"https:\/\/primicias2262.com\/noticias\/wp-json\/wp\/v2\/media\/102331"}],"wp:attachment":[{"href":"https:\/\/primicias2262.com\/noticias\/wp-json\/wp\/v2\/media?parent=103440"}],"wp:term":[{"taxonomy":"category","embeddable":true,"href":"https:\/\/primicias2262.com\/noticias\/wp-json\/wp\/v2\/categories?post=103440"},{"taxonomy":"post_tag","embeddable":true,"href":"https:\/\/primicias2262.com\/noticias\/wp-json\/wp\/v2\/tags?post=103440"}],"curies":[{"name":"wp","href":"https:\/\/api.w.org\/{rel}","templated":true}]}}