{"id":103444,"date":"2023-09-06T09:08:47","date_gmt":"2023-09-06T09:08:47","guid":{"rendered":"https:\/\/primicias2262.com\/noticias\/?p=103444"},"modified":"2023-09-07T11:47:48","modified_gmt":"2023-09-07T11:47:48","slug":"se-eligieron-los-proyectos-del-presupuesto-participativo-joven-para-concretarse-en-2024","status":"publish","type":"post","link":"https:\/\/primicias2262.com\/noticias\/se-eligieron-los-proyectos-del-presupuesto-participativo-joven-para-concretarse-en-2024\/","title":{"rendered":"Se eligieron los proyectos del Presupuesto Participativo Joven para concretarse en 2024"},"content":{"rendered":"<p><strong>En una jornada participativa y democr\u00e1tica, se presentaron diez propuestas en el Sal\u00f3n de Actos que hab\u00edan sido pre seleccionadas a partir de la viabilidad t\u00e9cnica, jur\u00eddica y presupuestaria.<\/strong><\/p>\n<p>La gesti\u00f3n del intendente municipal, Arturo Rojas, contin\u00faa profundizando la herramienta del Presupuesto Participativo para los vecinos de los distintos barrios, y en este caso dirigido a los j\u00f3venes, que tuvieron una marcada representaci\u00f3n esta semana en el Sal\u00f3n de Actos \u201cDomingo J. Taraborelli\u201d, donde se desarroll\u00f3 la presentaci\u00f3n y elecci\u00f3n de los proyectos a concretarse el a\u00f1o venidero.<\/p>\n<p>Al frente de la organizaci\u00f3n estuvo la Direcci\u00f3n Municipal de H\u00e1bitat, Vivienda, Tierras y Presupuesto Participativo, cuyo titular, Ger\u00f3nimo Gallegos, apunt\u00f3 que hubo representaci\u00f3n de escuelas de Necochea, Quequ\u00e9n y La Dulce,\u00a0 voceros de casas de altos estudios como UNICEN, Institutos n\u00ba 163 y 31, y tambi\u00e9n delegados de entidades civiles juveniles.<\/p>\n<p>Los j\u00f3venes expusieron sus proyectos mediante videos, im\u00e1genes, gr\u00e1ficos y estad\u00edsticas, mientras que la votaci\u00f3n se desarroll\u00f3 a trav\u00e9s de una urna donde se colocaba una hoja con el n\u00famero de la propuesta seleccionada. Las propuestas abordaban desde intervenciones y\/o mejoramiento de espacios p\u00fablicos, hasta la creaci\u00f3n de un estudio de grabaci\u00f3n municipal, plataformas de formaci\u00f3n y capacitaci\u00f3n, donaci\u00f3n de una fotocopiadora para un instituto terciario, luminarias en accesos de centros educativos, oficina y carteler\u00eda de accesibilidad para personas con discapacidad; y rampas inclusivas.<\/p>\n<figure class=\"wp-block-image size-full\"><img loading=\"lazy\" decoding=\"async\" class=\"wp-image-80920\" src=\"https:\/\/necochea.gov.ar\/wp-content\/uploads\/2023\/09\/06-09-FOTO-eleccion-PPJ.jpeg\" alt=\"\" width=\"1280\" height=\"853\" \/><\/figure>\n<p><strong>Entre m\u00e1s de 70 personas que votaron, \u00a0los proyectos elegidos fueron los siguientes:<\/strong><\/p>\n<ol type=\"1\">\n<li>Espacio recreativo y comunitario para adolescentes, propuestos por Envi\u00f3n Quequ\u00e9n.<\/li>\n<li>Carteler\u00eda y accesibilidad de ciudad amigable, impulsado por alumnos de la Escuela de Educaci\u00f3n T\u00e9cnica N\u00ba 2 y su orientaci\u00f3n Construcciones.<\/li>\n<\/ol>\n<p>Por debajo, continuaron en la votaci\u00f3n la instauraci\u00f3n de un estudio de grabaci\u00f3n municipal, la donaci\u00f3n de una fotocopiadora para el Instituto 163 y el embellecimiento de una plaza de La Dulce.<\/p>\n<p>Al concluir la jornada, Gallegos manifest\u00f3 que \u201cseguir d\u00e1ndole espacios de voz y voto a la poblaci\u00f3n, en este caso a un sector tan importante como la juventud, es una disposici\u00f3n que el intendente nos marca para seguir potenciando\u201d, y subray\u00f3 que \u201cest\u00e1 gesti\u00f3n viene acrecentando la legitimidad de esta herramienta vecinal y hoy una veintena de barrios hicieron propio el PP, marcando en primera persona aquellas realidades propias que desean transformar\u201d.<\/p>\n<figure class=\"wp-block-image size-full\"><img loading=\"lazy\" decoding=\"async\" class=\"wp-image-80922\" src=\"https:\/\/necochea.gov.ar\/wp-content\/uploads\/2023\/09\/06-09-FOTO-eleccion-PPJ3.jpeg\" alt=\"\" width=\"1280\" height=\"853\" \/><\/figure>\n<p>En el transcurso de los d\u00edas, desde la Direcci\u00f3n que encabeza Gallegos se convocar\u00e1 a cada uno de los ganadores para entablar los pasos a seguir; como por otro lado se continuar\u00e1 trabajando con aquellos grupos que no resultaron electos para que puedan llevarse a cabo sus proyectos articuladamente con las \u00e1reas correspondientes. En ese sentido, estuvieron presentes por el Ejecutivo el secretario y subsecretario de Obras P\u00fablicas, Adri\u00e1n Furno y Lisandro Dones; y las directoras de Emprendimientos y Pymes, Antonella Giglio; y de Desarrollo Comercial, Industrial y Agropecuario, Rocio Zabaljauregui.<\/p>\n<p>Vale destacar que, ampliando el espectro de esta herramienta democr\u00e1tica como es el Presupuesto Participativo, este a\u00f1o se implement\u00f3 el PPJ de 16 a 35 a\u00f1os y ya se est\u00e1 trabajando para implementar el Presupuesto Participativo Mayor, que alude al p\u00fablico mayor a 60 a\u00f1os.<\/p>\n","protected":false},"excerpt":{"rendered":"<p>En una jornada participativa y democr\u00e1tica, se presentaron diez propuestas en el Sal\u00f3n de Actos que hab\u00edan sido pre seleccionadas a partir de la viabilidad t\u00e9cnica, jur\u00eddica y presupuestaria. La gesti\u00f3n del intendente municipal, Arturo Rojas, contin\u00faa profundizando la herramienta del Presupuesto Participativo para los vecinos de los distintos barrios, y en este caso dirigido [&hellip;]<\/p>\n","protected":false},"author":3,"featured_media":103445,"comment_status":"open","ping_status":"open","sticky":false,"template":"","format":"standard","meta":{"footnotes":""},"categories":[3],"tags":[],"class_list":["post-103444","post","type-post","status-publish","format-standard","has-post-thumbnail","category-masnoticias"],"_links":{"self":[{"href":"https:\/\/primicias2262.com\/noticias\/wp-json\/wp\/v2\/posts\/103444","targetHints":{"allow":["GET"]}}],"collection":[{"href":"https:\/\/primicias2262.com\/noticias\/wp-json\/wp\/v2\/posts"}],"about":[{"href":"https:\/\/primicias2262.com\/noticias\/wp-json\/wp\/v2\/types\/post"}],"author":[{"embeddable":true,"href":"https:\/\/primicias2262.com\/noticias\/wp-json\/wp\/v2\/users\/3"}],"replies":[{"embeddable":true,"href":"https:\/\/primicias2262.com\/noticias\/wp-json\/wp\/v2\/comments?post=103444"}],"version-history":[{"count":2,"href":"https:\/\/primicias2262.com\/noticias\/wp-json\/wp\/v2\/posts\/103444\/revisions"}],"predecessor-version":[{"id":103454,"href":"https:\/\/primicias2262.com\/noticias\/wp-json\/wp\/v2\/posts\/103444\/revisions\/103454"}],"wp:featuredmedia":[{"embeddable":true,"href":"https:\/\/primicias2262.com\/noticias\/wp-json\/wp\/v2\/media\/103445"}],"wp:attachment":[{"href":"https:\/\/primicias2262.com\/noticias\/wp-json\/wp\/v2\/media?parent=103444"}],"wp:term":[{"taxonomy":"category","embeddable":true,"href":"https:\/\/primicias2262.com\/noticias\/wp-json\/wp\/v2\/categories?post=103444"},{"taxonomy":"post_tag","embeddable":true,"href":"https:\/\/primicias2262.com\/noticias\/wp-json\/wp\/v2\/tags?post=103444"}],"curies":[{"name":"wp","href":"https:\/\/api.w.org\/{rel}","templated":true}]}}