{"id":103460,"date":"2023-09-07T16:25:35","date_gmt":"2023-09-07T16:25:35","guid":{"rendered":"https:\/\/primicias2262.com\/noticias\/?p=103460"},"modified":"2023-09-08T14:00:36","modified_gmt":"2023-09-08T14:00:36","slug":"el-concejo-aprobo-por-mayoria-el-aumento-en-el-boleto-de-micros","status":"publish","type":"post","link":"https:\/\/primicias2262.com\/noticias\/el-concejo-aprobo-por-mayoria-el-aumento-en-el-boleto-de-micros\/","title":{"rendered":"El Concejo aprob\u00f3 por mayor\u00eda el aumento en el boleto de micros"},"content":{"rendered":"<p><strong>De 125 pesos que rige desde enero pasado pasar\u00e1 a costar 170 pesos desde el momento en que lo aplique el sistema SUBE. El ajuste ser\u00e1, por lo tanto, del 36%. El HCD lo autoriz\u00f3 al tratar el expediente en sesi\u00f3n ordinaria, con una mayor\u00eda de 16 ediles a favor de este incremento, mientras que 4 se manifestaron en contrario. La novedad la brind\u00f3 el bloque de dos componentes de la ACT, que se dividi\u00f3 al momento de la votaci\u00f3n. El titular de este espacio y candidato a intendente, doctor Juan Arabarco, lo hizo por la afirmativa y su par, Mariela Maceiro, por la negativa.<\/strong><\/p>\n<p><strong>Por Jorge G\u00f3mez<\/strong><\/p>\n<p>El Concejo Deliberante de Necochea aprob\u00f3 por mayor\u00eda el decreto \u201cad refer\u00e9ndum\u201d por el cual qued\u00f3 autorizado un aumento en el costo del boleto plano del transporte urbano de pasajeros, fij\u00e1ndolo en 170 pesos -hoy se expende a 125 pesos, monto que rige desde enero de 2023-, lo que significa un ajuste del 36%. La implementaci\u00f3n de este valor en la pr\u00e1ctica llevar\u00e1, seg\u00fan se coment\u00f3, casi un mes.<\/p>\n<p>Lo hizo el HCD al sancionar tal instrumento en el marco de la sesi\u00f3n ordinaria llevada a cabo este jueves 7 de septiembre. La norma se elevar\u00e1 ahora al Departamento Ejecutivo para su promulgaci\u00f3n e informada, acto seguido, al Ministerio de Transporte de la Naci\u00f3n para que este modifique el valor de los boletos en las m\u00e1quinas del sistema SUBE situadas en los micros que circulan en Necochea y Quequ\u00e9n.<\/p>\n<p>El servicio est\u00e1 a cargo de las dos empresas concesionarias: Compa\u00f1\u00eda de Transportes Necochea -azules- y Micro \u00d3mnibus Nueva Pompeya -verdes-.<\/p>\n<p>La novedad al momento de votarse este decreto, en la mencionada sesi\u00f3n del Deliberante necochense, y tras escucharse una serie de cr\u00edticas de parte de parte del presidente del interbloque del Frente de Todos (FdT), Mauro Vel\u00e1zquez, a la calidad de esta prestaci\u00f3n de los micros urbanos locales, se observ\u00f3 que el bloque de la Agrupaci\u00f3n Comunal Transformadora (ACT), que cuenta con dos representantes en el HCD, vot\u00f3 por separado. Lo hizo por la afirmativa su presidente y actual candidato a intendente, doctor Juan Arabarco, y por la negativa su par de este corriente, la concejal Mariela Maceiro.<\/p>\n<div id='gallery-1' class='gallery galleryid-103460 gallery-columns-2 gallery-size-medium'><figure class='gallery-item'>\n\t\t\t<div class='gallery-icon portrait'>\n\t\t\t\t<a href='https:\/\/primicias2262.com\/noticias\/el-concejo-aprobo-por-mayoria-el-aumento-en-el-boleto-de-micros\/micros-sep-2023-1\/'><img loading=\"lazy\" decoding=\"async\" width=\"193\" height=\"300\" src=\"https:\/\/primicias2262.com\/noticias\/wp-content\/uploads\/2023\/09\/micros-sep-2023-1-193x300.jpg\" class=\"attachment-medium size-medium\" alt=\"\" srcset=\"https:\/\/primicias2262.com\/noticias\/wp-content\/uploads\/2023\/09\/micros-sep-2023-1-193x300.jpg 193w, https:\/\/primicias2262.com\/noticias\/wp-content\/uploads\/2023\/09\/micros-sep-2023-1-659x1024.jpg 659w, https:\/\/primicias2262.com\/noticias\/wp-content\/uploads\/2023\/09\/micros-sep-2023-1-768x1193.jpg 768w, https:\/\/primicias2262.com\/noticias\/wp-content\/uploads\/2023\/09\/micros-sep-2023-1-150x233.jpg 150w, https:\/\/primicias2262.com\/noticias\/wp-content\/uploads\/2023\/09\/micros-sep-2023-1-300x466.jpg 300w, https:\/\/primicias2262.com\/noticias\/wp-content\/uploads\/2023\/09\/micros-sep-2023-1-696x1081.jpg 696w, https:\/\/primicias2262.com\/noticias\/wp-content\/uploads\/2023\/09\/micros-sep-2023-1.jpg 899w\" sizes=\"auto, (max-width: 193px) 100vw, 193px\" \/><\/a>\n\t\t\t<\/div><\/figure><figure class='gallery-item'>\n\t\t\t<div class='gallery-icon portrait'>\n\t\t\t\t<a href='https:\/\/primicias2262.com\/noticias\/el-concejo-aprobo-por-mayoria-el-aumento-en-el-boleto-de-micros\/micros-sep-2023-2\/'><img loading=\"lazy\" decoding=\"async\" width=\"239\" height=\"300\" src=\"https:\/\/primicias2262.com\/noticias\/wp-content\/uploads\/2023\/09\/micros-sep-2023-2-239x300.jpg\" class=\"attachment-medium size-medium\" alt=\"\" srcset=\"https:\/\/primicias2262.com\/noticias\/wp-content\/uploads\/2023\/09\/micros-sep-2023-2-239x300.jpg 239w, https:\/\/primicias2262.com\/noticias\/wp-content\/uploads\/2023\/09\/micros-sep-2023-2-815x1024.jpg 815w, https:\/\/primicias2262.com\/noticias\/wp-content\/uploads\/2023\/09\/micros-sep-2023-2-768x964.jpg 768w, https:\/\/primicias2262.com\/noticias\/wp-content\/uploads\/2023\/09\/micros-sep-2023-2-150x188.jpg 150w, https:\/\/primicias2262.com\/noticias\/wp-content\/uploads\/2023\/09\/micros-sep-2023-2-300x377.jpg 300w, https:\/\/primicias2262.com\/noticias\/wp-content\/uploads\/2023\/09\/micros-sep-2023-2-696x874.jpg 696w, https:\/\/primicias2262.com\/noticias\/wp-content\/uploads\/2023\/09\/micros-sep-2023-2.jpg 899w\" sizes=\"auto, (max-width: 239px) 100vw, 239px\" \/><\/a>\n\t\t\t<\/div><\/figure>\n\t\t<\/div>\n\n<p>Tambi\u00e9n no dieron su consentimiento los ediles del mencionado interbloque del FdT Mauro Vel\u00e1zquez, Andrea C\u00e1ceres y Miguel Arana. Por la afirmativa lo hizo el edil de este espacio, el edil Rafael I\u00e1cono.<\/p>\n<p>Puesto el expediente a consideraci\u00f3n al momento de la votaci\u00f3n, recibi\u00f3 el apoyo de 16 concejales y 4 de ellos manifestaron su negativa.<\/p>\n<p>Mientras tanto, la norma en cuesti\u00f3n incluy\u00f3 la suspensi\u00f3n por dos meses de un art\u00edculo de un decreto que data de 2018 que fija la convocatoria a una audiencia p\u00fablica, previamente a cualquier cambio en el valor de los boletos de micros urbanos, citando a un encuentro de este tenor -tal cual lo se\u00f1ala el texto de lo aprobado por mayor\u00eda- para el 15 de noviembre pr\u00f3ximo cuando, se supone, se volver\u00eda a considerar alg\u00fan otro retoque en el costo del servicio.<\/p>\n","protected":false},"excerpt":{"rendered":"<p>De 125 pesos que rige desde enero pasado pasar\u00e1 a costar 170 pesos desde el momento en que lo aplique el sistema SUBE. El ajuste ser\u00e1, por lo tanto, del 36%. El HCD lo autoriz\u00f3 al tratar el expediente en sesi\u00f3n ordinaria, con una mayor\u00eda de 16 ediles a favor de este incremento, mientras que [&hellip;]<\/p>\n","protected":false},"author":3,"featured_media":101662,"comment_status":"open","ping_status":"open","sticky":false,"template":"","format":"standard","meta":{"footnotes":""},"categories":[3],"tags":[],"class_list":["post-103460","post","type-post","status-publish","format-standard","has-post-thumbnail","category-masnoticias"],"_links":{"self":[{"href":"https:\/\/primicias2262.com\/noticias\/wp-json\/wp\/v2\/posts\/103460","targetHints":{"allow":["GET"]}}],"collection":[{"href":"https:\/\/primicias2262.com\/noticias\/wp-json\/wp\/v2\/posts"}],"about":[{"href":"https:\/\/primicias2262.com\/noticias\/wp-json\/wp\/v2\/types\/post"}],"author":[{"embeddable":true,"href":"https:\/\/primicias2262.com\/noticias\/wp-json\/wp\/v2\/users\/3"}],"replies":[{"embeddable":true,"href":"https:\/\/primicias2262.com\/noticias\/wp-json\/wp\/v2\/comments?post=103460"}],"version-history":[{"count":2,"href":"https:\/\/primicias2262.com\/noticias\/wp-json\/wp\/v2\/posts\/103460\/revisions"}],"predecessor-version":[{"id":103497,"href":"https:\/\/primicias2262.com\/noticias\/wp-json\/wp\/v2\/posts\/103460\/revisions\/103497"}],"wp:featuredmedia":[{"embeddable":true,"href":"https:\/\/primicias2262.com\/noticias\/wp-json\/wp\/v2\/media\/101662"}],"wp:attachment":[{"href":"https:\/\/primicias2262.com\/noticias\/wp-json\/wp\/v2\/media?parent=103460"}],"wp:term":[{"taxonomy":"category","embeddable":true,"href":"https:\/\/primicias2262.com\/noticias\/wp-json\/wp\/v2\/categories?post=103460"},{"taxonomy":"post_tag","embeddable":true,"href":"https:\/\/primicias2262.com\/noticias\/wp-json\/wp\/v2\/tags?post=103460"}],"curies":[{"name":"wp","href":"https:\/\/api.w.org\/{rel}","templated":true}]}}