{"id":103466,"date":"2023-09-07T16:29:54","date_gmt":"2023-09-07T16:29:54","guid":{"rendered":"https:\/\/primicias2262.com\/noticias\/?p=103466"},"modified":"2023-09-08T15:11:14","modified_gmt":"2023-09-08T15:11:14","slug":"este-viernes-hay-una-clase-de-zumba-a-beneficio-de-padre-e-hijo-pacientes-oncologicos","status":"publish","type":"post","link":"https:\/\/primicias2262.com\/noticias\/este-viernes-hay-una-clase-de-zumba-a-beneficio-de-padre-e-hijo-pacientes-oncologicos\/","title":{"rendered":"Este viernes hay una clase de zumba a beneficio de padre e hijo pacientes oncol\u00f3gicos"},"content":{"rendered":"<p><strong>Ser\u00e1 a partir de las 19 en el Club Dan\u00e9s de Av. 42 casi 55, a cargo de la instructora M\u00f3nica Knudsen, y a beneficio de Ra\u00fal Aguirre y su hijo Tiago, quienes transitan la enfermedad y se encuentran permanentemente en Capital Federal.<\/strong><\/p>\n<p>En el aire de \u201cVoces de la Ciudad\u201d, durante una nota realizada por el periodista Jorge G\u00f3mez, M\u00f3nica Knudsen se refiri\u00f3 al evento solidario para a ayudar a una familia necochense que lo necesita, mediante lo que ser\u00e1 una clase de zumba a la gorra. En el lugar habr\u00e1 una urna para colaborar a voluntad<\/p>\n<p>\u201cAgradezco a toda la comunidad necochense que es muy solidaria, hago la actividad del Zumba fitness que es un programa de acondicionamiento f\u00edsico que mezcla diferentes ritmos musicales desde hace casi 10 a\u00f1os en mi querido Club Dan\u00e9s, las clases son mixtas y siempre a trav\u00e9s de esto invito a la gente a sumarse\u201d, manifest\u00f3 inicialmente.<\/p>\n<p>Para este caso puntual, la instructora describi\u00f3 que \u201cme moviliz\u00f3 la situaci\u00f3n de una familia necochense, habl\u00e9 con Karina Machado de la ONG \u201cNo est\u00e1s solo\u201d para interiorizarme, ella pide ayuda a trav\u00e9s de un CBU porque tanto el pap\u00e1 Ra\u00fal Aguirre como su hijo Tiago padecen enfermedad oncol\u00f3gica, en este momento ellos van y vienen a Buenos Aires, est\u00e1n en el Hospital Garrahan haci\u00e9ndose estudios y esto me moviliz\u00f3, necesitan ayuda econ\u00f3mica para hospedaje, entre otros gastos\u201d.<\/p>\n<p>\u201cEs por eso que a trav\u00e9s de esta actividad que es el zumba, invito a la gente a que se sume este viernes como se ha sumado en todos los eventos solidarios que hemos realizado, en la comunidad zumbera nos ayudamos entre todos, hacemos una cadena de favores \u201c, asegur\u00f3.<\/p>\n<p>Para concluir, aclar\u00f3 que \u201cen estos casi diez a\u00f1os, que se cumplen en noviembre, siempre hemos hecho eventos solidarios para ayudar a muchas entidades y en lo personal siempre me gust\u00f3 materializar la entrada, es decir no manejar dinero, aunque en este caso s\u00ed va haber una urna pero el due\u00f1o de la causa estar\u00e1 al lado de ella\u201d.<\/p>\n<p><a href=\"https:\/\/primicias2262.com\/noticias\/wp-content\/uploads\/2023\/09\/flyer-zumba-solidario.jpg\"><img loading=\"lazy\" decoding=\"async\" class=\"aligncenter size-full wp-image-103467\" src=\"https:\/\/primicias2262.com\/noticias\/wp-content\/uploads\/2023\/09\/flyer-zumba-solidario.jpg\" alt=\"\" width=\"750\" height=\"1334\" srcset=\"https:\/\/primicias2262.com\/noticias\/wp-content\/uploads\/2023\/09\/flyer-zumba-solidario.jpg 750w, https:\/\/primicias2262.com\/noticias\/wp-content\/uploads\/2023\/09\/flyer-zumba-solidario-169x300.jpg 169w, https:\/\/primicias2262.com\/noticias\/wp-content\/uploads\/2023\/09\/flyer-zumba-solidario-576x1024.jpg 576w, https:\/\/primicias2262.com\/noticias\/wp-content\/uploads\/2023\/09\/flyer-zumba-solidario-150x267.jpg 150w, https:\/\/primicias2262.com\/noticias\/wp-content\/uploads\/2023\/09\/flyer-zumba-solidario-300x534.jpg 300w, https:\/\/primicias2262.com\/noticias\/wp-content\/uploads\/2023\/09\/flyer-zumba-solidario-696x1238.jpg 696w\" sizes=\"auto, (max-width: 750px) 100vw, 750px\" \/><\/a><\/p>\n","protected":false},"excerpt":{"rendered":"<p>Ser\u00e1 a partir de las 19 en el Club Dan\u00e9s de Av. 42 casi 55, a cargo de la instructora M\u00f3nica Knudsen, y a beneficio de Ra\u00fal Aguirre y su hijo Tiago, quienes transitan la enfermedad y se encuentran permanentemente en Capital Federal. En el aire de \u201cVoces de la Ciudad\u201d, durante una nota realizada [&hellip;]<\/p>\n","protected":false},"author":3,"featured_media":103468,"comment_status":"open","ping_status":"open","sticky":false,"template":"","format":"standard","meta":{"footnotes":""},"categories":[3],"tags":[],"class_list":["post-103466","post","type-post","status-publish","format-standard","has-post-thumbnail","category-masnoticias"],"_links":{"self":[{"href":"https:\/\/primicias2262.com\/noticias\/wp-json\/wp\/v2\/posts\/103466","targetHints":{"allow":["GET"]}}],"collection":[{"href":"https:\/\/primicias2262.com\/noticias\/wp-json\/wp\/v2\/posts"}],"about":[{"href":"https:\/\/primicias2262.com\/noticias\/wp-json\/wp\/v2\/types\/post"}],"author":[{"embeddable":true,"href":"https:\/\/primicias2262.com\/noticias\/wp-json\/wp\/v2\/users\/3"}],"replies":[{"embeddable":true,"href":"https:\/\/primicias2262.com\/noticias\/wp-json\/wp\/v2\/comments?post=103466"}],"version-history":[{"count":1,"href":"https:\/\/primicias2262.com\/noticias\/wp-json\/wp\/v2\/posts\/103466\/revisions"}],"predecessor-version":[{"id":103469,"href":"https:\/\/primicias2262.com\/noticias\/wp-json\/wp\/v2\/posts\/103466\/revisions\/103469"}],"wp:featuredmedia":[{"embeddable":true,"href":"https:\/\/primicias2262.com\/noticias\/wp-json\/wp\/v2\/media\/103468"}],"wp:attachment":[{"href":"https:\/\/primicias2262.com\/noticias\/wp-json\/wp\/v2\/media?parent=103466"}],"wp:term":[{"taxonomy":"category","embeddable":true,"href":"https:\/\/primicias2262.com\/noticias\/wp-json\/wp\/v2\/categories?post=103466"},{"taxonomy":"post_tag","embeddable":true,"href":"https:\/\/primicias2262.com\/noticias\/wp-json\/wp\/v2\/tags?post=103466"}],"curies":[{"name":"wp","href":"https:\/\/api.w.org\/{rel}","templated":true}]}}