{"id":103470,"date":"2023-09-07T17:13:34","date_gmt":"2023-09-07T17:13:34","guid":{"rendered":"https:\/\/primicias2262.com\/noticias\/?p=103470"},"modified":"2023-09-08T15:32:12","modified_gmt":"2023-09-08T15:32:12","slug":"sindicatos-portuarios-van-a-la-justicia-con-una-cautelar-para-suspender-la-designacion-de-mariano-carrillo","status":"publish","type":"post","link":"https:\/\/primicias2262.com\/noticias\/sindicatos-portuarios-van-a-la-justicia-con-una-cautelar-para-suspender-la-designacion-de-mariano-carrillo\/","title":{"rendered":"Sindicatos portuarios van a la justicia con una cautelar para suspender la designaci\u00f3n de Mariano Carrillo"},"content":{"rendered":"<p><strong>As\u00ed lo confirm\u00f3 este jueves Daniel Monjes de Terminal Quequ\u00e9n, al insistir en que la designaci\u00f3n de Mariano Carrillo en el directorio de Puerto Quequ\u00e9n es totalmente arbitraria, siendo que UATRE ni siquiera tiene incumbencia en el sector.<\/strong><\/p>\n<p>Ante la consulta del periodista Jorge G\u00f3mez, el sindicalista repas\u00f3 que \u201cla semana pasada presentamos los gremios de la Aduana, SUPA, Terminales portuarias y URGARA un reclamo administrativo en la Subsecretar\u00eda de Actividades Portuarias en La Plata, ya tenemos la copia de la misma recibida y entre hoy y ma\u00f1ana iniciaremos el tr\u00e1mite judicial en el Juzgado de Necochea\u201d, acotando que \u201csolicitaremos una cautelar para que se deje sin efecto este mal nombramiento que se ha hecho en Puerto Quequ\u00e9n\u201d, en referencia a Carrillo.<\/p>\n<p>Monjes se\u00f1al\u00f3 que \u201cya no esperamos contestaci\u00f3n porque toda nota o todo mail que hemos pasado no han sido contestados, entonces hicimos la presentaci\u00f3n como corresponde y por estas horas la mesa sindical con todos los gremios presentaremos la cautelar para que se deje sin efecto este nombramiento, as\u00ed que vamos a la justicia para que se suspenda la designaci\u00f3n\u201d.<\/p>\n<p><a href=\"https:\/\/primicias2262.com\/noticias\/wp-content\/uploads\/2023\/08\/daniel-monjes.jpeg\"><img loading=\"lazy\" decoding=\"async\" class=\"aligncenter size-full wp-image-103021\" src=\"https:\/\/primicias2262.com\/noticias\/wp-content\/uploads\/2023\/08\/daniel-monjes.jpeg\" alt=\"\" width=\"1024\" height=\"768\" srcset=\"https:\/\/primicias2262.com\/noticias\/wp-content\/uploads\/2023\/08\/daniel-monjes.jpeg 1024w, https:\/\/primicias2262.com\/noticias\/wp-content\/uploads\/2023\/08\/daniel-monjes-300x225.jpeg 300w, https:\/\/primicias2262.com\/noticias\/wp-content\/uploads\/2023\/08\/daniel-monjes-768x576.jpeg 768w, https:\/\/primicias2262.com\/noticias\/wp-content\/uploads\/2023\/08\/daniel-monjes-150x113.jpeg 150w, https:\/\/primicias2262.com\/noticias\/wp-content\/uploads\/2023\/08\/daniel-monjes-696x522.jpeg 696w\" sizes=\"auto, (max-width: 1024px) 100vw, 1024px\" \/><\/a>En cuanto a la conciliaci\u00f3n obligatoria que baj\u00f3 del Ministerio de Trabajo de la Provincia, Monjes recalc\u00f3 que \u201cse comprometieron a gestionar una reuni\u00f3n entre los gremios y alguna autoridad de la Provincia, este lunes 11 tendremos una nueva reuni\u00f3n con las terminales y los sindicatos en el Ministerio de Trabajo de Necochea a ver si hay alguna novedad sobre esto\u201d, reafirmando que \u201cel 28 de este mes se vence la conciliaci\u00f3n y si para ese d\u00eda no tenemos ninguna respuesta volvemos a la medida de fuerza, as\u00ed que estudiaremos en el transcurso de ese tiempo con el resto de los sindicatos las formas a implementar dicha medida\u201d.<\/p>\n<p>Asimismo, no soslay\u00f3 cr\u00edticas para la parte empresarial en la cuesti\u00f3n: \u201cLas empresas no han hecho nada para solucionar esta cuesti\u00f3n y los \u00fanicos que han traccionado este problema son los trabajadores y los sindicatos. A los empresarios les planteamos el problema y les pedimos que se muevan y hagan algo, pero la respuesta que nos dieron fue casi nula\u201d, a lo que agreg\u00f3 que \u201clos exportadores est\u00e1n escondidos como siempre, jugando a ver qu\u00e9 pasa\u201d.<\/p>\n","protected":false},"excerpt":{"rendered":"<p>As\u00ed lo confirm\u00f3 este jueves Daniel Monjes de Terminal Quequ\u00e9n, al insistir en que la designaci\u00f3n de Mariano Carrillo en el directorio de Puerto Quequ\u00e9n es totalmente arbitraria, siendo que UATRE ni siquiera tiene incumbencia en el sector. Ante la consulta del periodista Jorge G\u00f3mez, el sindicalista repas\u00f3 que \u201cla semana pasada presentamos los gremios [&hellip;]<\/p>\n","protected":false},"author":3,"featured_media":103116,"comment_status":"open","ping_status":"open","sticky":false,"template":"","format":"standard","meta":{"footnotes":""},"categories":[3],"tags":[],"class_list":["post-103470","post","type-post","status-publish","format-standard","has-post-thumbnail","category-masnoticias"],"_links":{"self":[{"href":"https:\/\/primicias2262.com\/noticias\/wp-json\/wp\/v2\/posts\/103470","targetHints":{"allow":["GET"]}}],"collection":[{"href":"https:\/\/primicias2262.com\/noticias\/wp-json\/wp\/v2\/posts"}],"about":[{"href":"https:\/\/primicias2262.com\/noticias\/wp-json\/wp\/v2\/types\/post"}],"author":[{"embeddable":true,"href":"https:\/\/primicias2262.com\/noticias\/wp-json\/wp\/v2\/users\/3"}],"replies":[{"embeddable":true,"href":"https:\/\/primicias2262.com\/noticias\/wp-json\/wp\/v2\/comments?post=103470"}],"version-history":[{"count":2,"href":"https:\/\/primicias2262.com\/noticias\/wp-json\/wp\/v2\/posts\/103470\/revisions"}],"predecessor-version":[{"id":103493,"href":"https:\/\/primicias2262.com\/noticias\/wp-json\/wp\/v2\/posts\/103470\/revisions\/103493"}],"wp:featuredmedia":[{"embeddable":true,"href":"https:\/\/primicias2262.com\/noticias\/wp-json\/wp\/v2\/media\/103116"}],"wp:attachment":[{"href":"https:\/\/primicias2262.com\/noticias\/wp-json\/wp\/v2\/media?parent=103470"}],"wp:term":[{"taxonomy":"category","embeddable":true,"href":"https:\/\/primicias2262.com\/noticias\/wp-json\/wp\/v2\/categories?post=103470"},{"taxonomy":"post_tag","embeddable":true,"href":"https:\/\/primicias2262.com\/noticias\/wp-json\/wp\/v2\/tags?post=103470"}],"curies":[{"name":"wp","href":"https:\/\/api.w.org\/{rel}","templated":true}]}}