{"id":103473,"date":"2023-09-07T17:31:39","date_gmt":"2023-09-07T17:31:39","guid":{"rendered":"https:\/\/primicias2262.com\/noticias\/?p=103473"},"modified":"2023-09-08T11:40:32","modified_gmt":"2023-09-08T11:40:32","slug":"este-viernes-comienza-la-22a-edicion-de-la-feria-del-libro-y-de-las-artes","status":"publish","type":"post","link":"https:\/\/primicias2262.com\/noticias\/este-viernes-comienza-la-22a-edicion-de-la-feria-del-libro-y-de-las-artes\/","title":{"rendered":"Se viene la 22\u00aa edici\u00f3n de la Feria del Libro y de las Artes"},"content":{"rendered":"<p><strong>Desde este viernes 8 y hasta la tarde del domingo 10, Necochea vivir\u00e1 la 22\u00aa edici\u00f3n de la tradicional Feria del Libro y de las Artes que, en esta nueva puesta en marcha, tendr\u00e1 m\u00faltiples actividades para todas las edades y desarrollo en tres sedes distintas en forma simult\u00e1nea, y con entrada libre y gratuita.<\/strong><\/p>\n<p>De parte de la organizaci\u00f3n, Mar\u00eda Cristina Murray fue entrevistada por el periodista Jorge G\u00f3mez en \u201cVoces de la Ciudad\u201d, destac\u00f3 que la nueva edici\u00f3n ser\u00e1 en homenaje a Sara Gallardo, \u201cuna escritora que falleci\u00f3 hace unos cuantos a\u00f1os y en las d\u00e9cadas del \u201950 y \u201960 habl\u00f3 de temas tab\u00faes que hoy en d\u00eda son de la agenda diaria y fue injustamente olvidada, pero por la vigencia de sus temas ha resurgido\u201d, resalt\u00f3. La Feria est\u00e1 declarada de Inter\u00e9s Municipal por Decreto N\u00ba 1486\/23.<\/p>\n<p>\u201cTodo es libre y gratuito y los espect\u00e1culos son de muy buen nivel, est\u00e1n muy elaborados y con mucha preparaci\u00f3n, as\u00ed que esperamos que la gente aprovecha, recorra los stands y nos visite en la plaza\u201d, palpit\u00f3 Murray.<\/p>\n<p>En cuanto a la grilla de actividades programadas, que se repartir\u00e1n entre la c\u00e9ntrica Plaza Dardo Rocha, el Teatro Municipal y el sal\u00f3n de eventos de la Sociedad Espa\u00f1ola, ser\u00e1 la siguiente de acuerdo a su d\u00eda y horario:<\/p>\n<p><strong>\u00a0<\/strong><strong>Viernes 8 de septiembre<\/strong><strong>\u00a0<\/strong><\/p>\n<p><strong>Plaza Dardo Rocha \u2013 Calle 56 entre 59 y 61<\/strong><\/p>\n<p><em>10 horas:<\/em> Acto Inaugural \u2013 Palabras a cargo de las autoridades y presentaci\u00f3n de la Banda Municipal.<\/p>\n<p><em>11 horas:<\/em> Walter Medina \u2013 Charla sobre edici\u00f3n independiente y el humor en la literatura.<\/p>\n<p><em>13 horas:<\/em> Lic. Sonia Rosa Balcarce \u2013 Presentaci\u00f3n del libro \u201cEso No\u2026 infantil. Lo invisible de la realidad\u201d.<\/p>\n<p><em>14 horas:<\/em> Antonio Pereyra y Marta Rita Gil \u2013 Presentaci\u00f3n del libro \u201cLos di\u00e1logos secretos del agua\u201d y \u201cLos chicos de la Escuela 40, una historia digna de ser contada\u201d.<\/p>\n<p><em>15 horas:<\/em> Patricia Sureda \u2013 Presentaci\u00f3n del libro \u201cMujer argentina suelta, cuentos en primera persona\u201d.<\/p>\n<p><em>16 horas:<\/em> Roque M\u00e9ndez \u2013 Presentaci\u00f3n cantada del libro \u201cCon la tinta de su alma\u201d.<\/p>\n<p><strong>\u00a0<\/strong><strong>Teatro Municipal Luis Sandrini \u2013 Calle 54 N\u00ba 3080<\/strong><\/p>\n<p><em>18 horas:<\/em> Sergio Aguirre \u2013 Entrevista con el autor a cargo de la profesora Melani del Castello.<\/p>\n<p><em>20 horas:<\/em> Grupo Ta\u2019 Lentos \u2013 Microteatros de Fabi\u00e1n Silva: \u201cViejas en fuga\u201d, \u201cNos urge la combi\u201d y \u201cLas puertas del cielo\u201d. Direcci\u00f3n: Bel\u00e9n Serre Su\u00e1rez.<\/p>\n<p><strong>\u00a0<\/strong><strong>Sociedad Espa\u00f1ola \u2013 Avenida 59 N\u00ba 2433<\/strong><\/p>\n<p><em>10 a 17 horas:<\/em> Exposici\u00f3n de distintos artistas pl\u00e1sticos.<\/p>\n<p><strong>S\u00e1bado 9 de septiembre<\/strong><\/p>\n<p>Plaza Dardo Rocha \u2013 Calle 56 entre 59 y 61<\/p>\n<p><em>10 horas:<\/em> Actuaci\u00f3n de la Banda Municipal \u2013 Escenario Central.<\/p>\n<p><em>11 horas:<\/em> Laura Ferri \u2013 Presentaci\u00f3n del libro \u201cSola y en un auto viejo\u201d.<\/p>\n<p><em>13 horas:<\/em> Soledad Vignolo \u2013 Presentaci\u00f3n del libro \u201cManos que sabr\u00e1n\u201d.<\/p>\n<p><em>14 horas:<\/em> Juan Pablo Borelli \u2013 Presentaci\u00f3n del libro \u201cMariano Necochea\u201d.<\/p>\n<p><em>15 horas: <\/em>Dora Chiarle \u2013 Presentaci\u00f3n del libro \u201cMarlene\u201d.<\/p>\n<p><em>16 horas: <\/em>Franco Campo \u2013 Presentaci\u00f3n del libro \u201cBastet y los gatos egipcios\u201d.<\/p>\n<p>Sociedad Espa\u00f1ola \u2013 Avenida 59 N\u00ba 2433<\/p>\n<p><em>10 a 17 horas:<\/em> exposici\u00f3n a cargo de Yanian Orcoyen de distintos artistas pl\u00e1sticos locales.<\/p>\n<p><em>18 horas:<\/em> Marcelo Birmajer \u2013 Presentaci\u00f3n de su \u00faltimo libro \u201cLa remera del Che y otros cuentos pol\u00edticamente incorrectos\u201d. Lectura de Cuentos.<\/p>\n<p><em>20 horas:<\/em> Diana Arias \u2013 Presentaci\u00f3n de \u201cAmores invencibles\u201d. Narraci\u00f3n oral acompa\u00f1ada de canto.<strong>\u00a0<\/strong><\/p>\n<p><strong>Domingo 10 de septiembre<\/strong><\/p>\n<p>Plaza Dardo Rocha \u2013 Calle 56 entre 59 y 61<\/p>\n<p><em>10 horas:<\/em> Actuaci\u00f3n de la Banda Municipal.<\/p>\n<p><em>11 a 14 horas:<\/em> Presentaciones en el Escenario Central \u2013 Recreaci\u00f3n, m\u00fasica, canto y baile de distintos artistas necochenses.<\/p>\n<p><em>14 horas:<\/em> Victoria Sarasibar y Agustina Zanichelli \u2013 Teatro le\u00eddo para las infancias.<\/p>\n<p><em>15 horas:<\/em> Mariel Far\u00edas y Mar\u00eda del Carmen Gonz\u00e1lez \u2013 Presentaci\u00f3n de \u201cBibliotecas humanas\u201d.<\/p>\n<p><em>16 horas:<\/em> Gloria Su\u00e1rez \u2013 Presentaci\u00f3n del libro \u201cVivir esperando\u201d.<\/p>\n<p>Teatro Municipal Luis Sandrini \u2013 Calle 54 N\u00ba 3080<\/p>\n<p><em>18 horas:<\/em> Obra de teatro \u2013 Presentaci\u00f3n de \u201cArte en peque\u00f1as dosis\u201d, a cargo de Bel\u00e9n Serre Su\u00e1rez.<\/p>\n<p><em>20 horas:<\/em> Presentaci\u00f3n del grupo teatral necochense \u201cAmares\u201d.<\/p>\n<p>Sociedad Espa\u00f1ola \u2013 Avenida 59 N\u00ba 2433<\/p>\n<p><em>10 a 17 horas:<\/em> Exposici\u00f3n de distintos artistas pl\u00e1sticos locales a cargo de Yanina Orcoyen.<\/p>\n<p>Actividades complementarias<\/p>\n<p>Asimismo, desde la organizaci\u00f3n anunciaron que en la Plaza Dardo Rocha estar\u00e1n instalados carpas y stands desde donde surgir\u00e1n otras actividades que funcionar\u00e1n a lo largo de cada jornada, entre las 10 y las 17 horas:<\/p>\n<p>Espect\u00e1culos:<\/p>\n<p>Artistas locales pasear\u00e1n su arte en el escenario.<\/p>\n<p>Editoriales:<\/p>\n<p>Bichitos de papel, Casa Picto, Colectividad Italiana, Colectivo de Autores independientes de Almirante Brown, Cuentos Nicolasa Agarrate, Editorial Cartonera \u201cCoraz\u00f3n reciclado\u201d, Elsa Libros Quequ\u00e9n, La Violeta Libros, Lectio Tienda de libros, Librer\u00eda Santa Mar\u00eda del Carmen, Lilith Libros Necochea, MB Ediciones, Natalia Bericat (editorial Sudestada, Jun\u00edn), Nati Mailland (Coomuni-car), Obelix, Recursos teatrales.<\/p>\n<p>Actividades Simult\u00e1neas:<\/p>\n<p><em>Figuras m\u00f3viles:<\/em> Recorrer\u00e1n el centro de la ciudad.<\/p>\n<p><em>Tribu Necochea:<\/em> Ronda de juegos y cuentos para primera infancia.<\/p>\n<p><em>Suelta de Libros:<\/em> Actividad de la Biblioteca Popular Sarmiento.<\/p>\n<p>\u201cEscucho historias de amor\u201d y \u201cAdopci\u00f3n de libros\u201d:<\/p>\n<p>Estas actividades encargadas a Mar\u00eda del Carmen Gonz\u00e1lez estar\u00e1n activas durante el viernes 8 y el s\u00e1bado 9. La primera girar\u00e1 en torno a la escucha personalizada de historias de amor, el encuentro y la comunicaci\u00f3n con el otro, mir\u00e1ndose a los ojos y sin utilizar tecnolog\u00eda; mientras que la segunda consistir\u00e1 en ofrecer a las personas, en forma gratuita, libros que fueron rescatados de contenedores, mudanzas y expurgos de bibliotecas, como una forma de darle valor a cada uno, que no se descarte y encuentre un nuevo hogar y lector.<\/p>\n","protected":false},"excerpt":{"rendered":"<p>Desde este viernes 8 y hasta la tarde del domingo 10, Necochea vivir\u00e1 la 22\u00aa edici\u00f3n de la tradicional Feria del Libro y de las Artes que, en esta nueva puesta en marcha, tendr\u00e1 m\u00faltiples actividades para todas las edades y desarrollo en tres sedes distintas en forma simult\u00e1nea, y con entrada libre y gratuita. [&hellip;]<\/p>\n","protected":false},"author":3,"featured_media":103478,"comment_status":"open","ping_status":"open","sticky":false,"template":"","format":"standard","meta":{"footnotes":""},"categories":[3],"tags":[],"class_list":["post-103473","post","type-post","status-publish","format-standard","has-post-thumbnail","category-masnoticias"],"_links":{"self":[{"href":"https:\/\/primicias2262.com\/noticias\/wp-json\/wp\/v2\/posts\/103473","targetHints":{"allow":["GET"]}}],"collection":[{"href":"https:\/\/primicias2262.com\/noticias\/wp-json\/wp\/v2\/posts"}],"about":[{"href":"https:\/\/primicias2262.com\/noticias\/wp-json\/wp\/v2\/types\/post"}],"author":[{"embeddable":true,"href":"https:\/\/primicias2262.com\/noticias\/wp-json\/wp\/v2\/users\/3"}],"replies":[{"embeddable":true,"href":"https:\/\/primicias2262.com\/noticias\/wp-json\/wp\/v2\/comments?post=103473"}],"version-history":[{"count":2,"href":"https:\/\/primicias2262.com\/noticias\/wp-json\/wp\/v2\/posts\/103473\/revisions"}],"predecessor-version":[{"id":103480,"href":"https:\/\/primicias2262.com\/noticias\/wp-json\/wp\/v2\/posts\/103473\/revisions\/103480"}],"wp:featuredmedia":[{"embeddable":true,"href":"https:\/\/primicias2262.com\/noticias\/wp-json\/wp\/v2\/media\/103478"}],"wp:attachment":[{"href":"https:\/\/primicias2262.com\/noticias\/wp-json\/wp\/v2\/media?parent=103473"}],"wp:term":[{"taxonomy":"category","embeddable":true,"href":"https:\/\/primicias2262.com\/noticias\/wp-json\/wp\/v2\/categories?post=103473"},{"taxonomy":"post_tag","embeddable":true,"href":"https:\/\/primicias2262.com\/noticias\/wp-json\/wp\/v2\/tags?post=103473"}],"curies":[{"name":"wp","href":"https:\/\/api.w.org\/{rel}","templated":true}]}}